{"id":10882,"date":"2024-11-08T20:26:55","date_gmt":"2024-11-08T23:26:55","guid":{"rendered":"https:\/\/fmradiocristal.com.ar\/home-1\/?p=10882"},"modified":"2024-11-09T20:28:18","modified_gmt":"2024-11-09T23:28:18","slug":"noticias-urbanas-22","status":"publish","type":"post","link":"https:\/\/fmradiocristal.com.ar\/home-1\/noticias-urbanas-22\/","title":{"rendered":"Noticias Urbanas"},"content":{"rendered":"<p>Dialogamos con Marcelo Ram\u00edrez, analista geopol\u00edtico: \u00abEl Occidente colectivo ha fracasado y con \u00e9l la agenda woke\u00bb.<\/p>\n<p>Adem\u00e1s, hablamos con Federico Gonz\u00e1lez, analista pol\u00edtico: \u00abMacri se equivoc\u00f3 y se frustr\u00f3 y Milei controla ese espacio\u00a0con\u00a0comodidad\u00bb.<\/p>\n<p><iframe title=\"Noticias urbanas - Programa completo (8\/11\/2024)\" width=\"1200\" height=\"675\" src=\"https:\/\/www.youtube.com\/embed\/cc38FBkQiPU?feature=oembed\" frameborder=\"0\" allow=\"accelerometer; autoplay; clipboard-write; encrypted-media; gyroscope; picture-in-picture; web-share\" referrerpolicy=\"strict-origin-when-cross-origin\" allowfullscreen><\/iframe><\/p>\n","protected":false},"excerpt":{"rendered":"<p>Dialogamos con Marcelo Ram\u00edrez, analista geopol\u00edtico: \u00abEl Occidente colectivo ha fracasado y con \u00e9l la agenda woke\u00bb. Adem\u00e1s, hablamos con Federico Gonz\u00e1lez, analista pol\u00edtico: \u00abMacri se equivoc\u00f3 y se frustr\u00f3 y Milei controla ese espacio\u00a0con\u00a0comodidad\u00bb.<\/p>\n","protected":false},"author":3,"featured_media":10883,"comment_status":"open","ping_status":"open","sticky":false,"template":"","format":"standard","meta":{"footnotes":""},"categories":[163,43],"tags":[164],"class_list":["post-10882","post","type-post","status-publish","format-standard","has-post-thumbnail","hentry","category-noticias-urbanas","category-programas","tag-noticias-urbanas","have-post-thumb"],"_links":{"self":[{"href":"https:\/\/fmradiocristal.com.ar\/home-1\/wp-json\/wp\/v2\/posts\/10882","targetHints":{"allow":["GET"]}}],"collection":[{"href":"https:\/\/fmradiocristal.com.ar\/home-1\/wp-json\/wp\/v2\/posts"}],"about":[{"href":"https:\/\/fmradiocristal.com.ar\/home-1\/wp-json\/wp\/v2\/types\/post"}],"author":[{"embeddable":true,"href":"https:\/\/fmradiocristal.com.ar\/home-1\/wp-json\/wp\/v2\/users\/3"}],"replies":[{"embeddable":true,"href":"https:\/\/fmradiocristal.com.ar\/home-1\/wp-json\/wp\/v2\/comments?post=10882"}],"version-history":[{"count":1,"href":"https:\/\/fmradiocristal.com.ar\/home-1\/wp-json\/wp\/v2\/posts\/10882\/revisions"}],"predecessor-version":[{"id":10884,"href":"https:\/\/fmradiocristal.com.ar\/home-1\/wp-json\/wp\/v2\/posts\/10882\/revisions\/10884"}],"wp:featuredmedia":[{"embeddable":true,"href":"https:\/\/fmradiocristal.com.ar\/home-1\/wp-json\/wp\/v2\/media\/10883"}],"wp:attachment":[{"href":"https:\/\/fmradiocristal.com.ar\/home-1\/wp-json\/wp\/v2\/media?parent=10882"}],"wp:term":[{"taxonomy":"category","embeddable":true,"href":"https:\/\/fmradiocristal.com.ar\/home-1\/wp-json\/wp\/v2\/categories?post=10882"},{"taxonomy":"post_tag","embeddable":true,"href":"https:\/\/fmradiocristal.com.ar\/home-1\/wp-json\/wp\/v2\/tags?post=10882"}],"curies":[{"name":"wp","href":"https:\/\/api.w.org\/{rel}","templated":true}]}}