{"id":11329,"date":"2024-12-06T16:40:20","date_gmt":"2024-12-06T19:40:20","guid":{"rendered":"https:\/\/fmradiocristal.com.ar\/home-1\/?p=11329"},"modified":"2024-12-08T16:41:14","modified_gmt":"2024-12-08T19:41:14","slug":"confesiones-de-una-mascara-28","status":"publish","type":"post","link":"https:\/\/fmradiocristal.com.ar\/home-1\/confesiones-de-una-mascara-28\/","title":{"rendered":"Confesiones de una m\u00e1scara"},"content":{"rendered":"<p>&nbsp;<\/p>\n<p>Dialogamos con Carlos Fern\u00e1ndez Balboa, especialista en gesti\u00f3n e interpretaci\u00f3n del patrimonio integral, sobre la museolig\u00eda actual.<\/p>\n<p>Educaci\u00f3n ambiental: desaf\u00edos.<br \/>\n\u00bfC\u00f3mo se interpreta el patrimonio\u00a0integral?<\/p>\n<p><iframe title=\"Confesiones de una m\u00e1scara - Programa completo (6\/12\/2024)\" width=\"1200\" height=\"675\" src=\"https:\/\/www.youtube.com\/embed\/rIGNmv7NTWI?feature=oembed\" frameborder=\"0\" allow=\"accelerometer; autoplay; clipboard-write; encrypted-media; gyroscope; picture-in-picture; web-share\" referrerpolicy=\"strict-origin-when-cross-origin\" allowfullscreen><\/iframe><\/p>\n","protected":false},"excerpt":{"rendered":"<p>&nbsp; Dialogamos con Carlos Fern\u00e1ndez Balboa, especialista en gesti\u00f3n e interpretaci\u00f3n del patrimonio integral, sobre la museolig\u00eda actual. Educaci\u00f3n ambiental: desaf\u00edos. \u00bfC\u00f3mo se interpreta el patrimonio\u00a0integral?<\/p>\n","protected":false},"author":3,"featured_media":11330,"comment_status":"open","ping_status":"open","sticky":false,"template":"","format":"standard","meta":{"footnotes":""},"categories":[112,43],"tags":[113],"class_list":["post-11329","post","type-post","status-publish","format-standard","has-post-thumbnail","hentry","category-confesiones-de-una-mascara","category-programas","tag-confesiones-de-una-mascara","have-post-thumb"],"_links":{"self":[{"href":"https:\/\/fmradiocristal.com.ar\/home-1\/wp-json\/wp\/v2\/posts\/11329","targetHints":{"allow":["GET"]}}],"collection":[{"href":"https:\/\/fmradiocristal.com.ar\/home-1\/wp-json\/wp\/v2\/posts"}],"about":[{"href":"https:\/\/fmradiocristal.com.ar\/home-1\/wp-json\/wp\/v2\/types\/post"}],"author":[{"embeddable":true,"href":"https:\/\/fmradiocristal.com.ar\/home-1\/wp-json\/wp\/v2\/users\/3"}],"replies":[{"embeddable":true,"href":"https:\/\/fmradiocristal.com.ar\/home-1\/wp-json\/wp\/v2\/comments?post=11329"}],"version-history":[{"count":1,"href":"https:\/\/fmradiocristal.com.ar\/home-1\/wp-json\/wp\/v2\/posts\/11329\/revisions"}],"predecessor-version":[{"id":11331,"href":"https:\/\/fmradiocristal.com.ar\/home-1\/wp-json\/wp\/v2\/posts\/11329\/revisions\/11331"}],"wp:featuredmedia":[{"embeddable":true,"href":"https:\/\/fmradiocristal.com.ar\/home-1\/wp-json\/wp\/v2\/media\/11330"}],"wp:attachment":[{"href":"https:\/\/fmradiocristal.com.ar\/home-1\/wp-json\/wp\/v2\/media?parent=11329"}],"wp:term":[{"taxonomy":"category","embeddable":true,"href":"https:\/\/fmradiocristal.com.ar\/home-1\/wp-json\/wp\/v2\/categories?post=11329"},{"taxonomy":"post_tag","embeddable":true,"href":"https:\/\/fmradiocristal.com.ar\/home-1\/wp-json\/wp\/v2\/tags?post=11329"}],"curies":[{"name":"wp","href":"https:\/\/api.w.org\/{rel}","templated":true}]}}