{"id":11694,"date":"2025-01-09T21:42:01","date_gmt":"2025-01-10T00:42:01","guid":{"rendered":"https:\/\/fmradiocristal.com.ar\/home-1\/?p=11694"},"modified":"2025-01-10T21:43:02","modified_gmt":"2025-01-11T00:43:02","slug":"dialogo-argentino-americano-19","status":"publish","type":"post","link":"https:\/\/fmradiocristal.com.ar\/home-1\/dialogo-argentino-americano-19\/","title":{"rendered":"Di\u00e1logo argentino-americano"},"content":{"rendered":"<p>Dialogamos con Ivo Hern\u00e1ndez sobre la Conferencia Estrat\u00e9gica en EE.UU.<br \/>\nCamino a la asunci\u00f3n del nuevo presidente Donald Trump.<\/p>\n<p><iframe title=\"Di\u00e1logo argentino-americano - Programa completo (09\/01\/2025)\" width=\"1200\" height=\"675\" src=\"https:\/\/www.youtube.com\/embed\/Cz7qLPlPdQc?feature=oembed\" frameborder=\"0\" allow=\"accelerometer; autoplay; clipboard-write; encrypted-media; gyroscope; picture-in-picture; web-share\" referrerpolicy=\"strict-origin-when-cross-origin\" allowfullscreen><\/iframe><\/p>\n","protected":false},"excerpt":{"rendered":"<p>Dialogamos con Ivo Hern\u00e1ndez sobre la Conferencia Estrat\u00e9gica en EE.UU. Camino a la asunci\u00f3n del nuevo presidente Donald Trump.<\/p>\n","protected":false},"author":3,"featured_media":11695,"comment_status":"open","ping_status":"open","sticky":false,"template":"","format":"standard","meta":{"footnotes":""},"categories":[147,43],"tags":[148],"class_list":["post-11694","post","type-post","status-publish","format-standard","has-post-thumbnail","hentry","category-dialogo-argentino-americano","category-programas","tag-dialogo-argentino-americano","have-post-thumb"],"_links":{"self":[{"href":"https:\/\/fmradiocristal.com.ar\/home-1\/wp-json\/wp\/v2\/posts\/11694","targetHints":{"allow":["GET"]}}],"collection":[{"href":"https:\/\/fmradiocristal.com.ar\/home-1\/wp-json\/wp\/v2\/posts"}],"about":[{"href":"https:\/\/fmradiocristal.com.ar\/home-1\/wp-json\/wp\/v2\/types\/post"}],"author":[{"embeddable":true,"href":"https:\/\/fmradiocristal.com.ar\/home-1\/wp-json\/wp\/v2\/users\/3"}],"replies":[{"embeddable":true,"href":"https:\/\/fmradiocristal.com.ar\/home-1\/wp-json\/wp\/v2\/comments?post=11694"}],"version-history":[{"count":1,"href":"https:\/\/fmradiocristal.com.ar\/home-1\/wp-json\/wp\/v2\/posts\/11694\/revisions"}],"predecessor-version":[{"id":11696,"href":"https:\/\/fmradiocristal.com.ar\/home-1\/wp-json\/wp\/v2\/posts\/11694\/revisions\/11696"}],"wp:featuredmedia":[{"embeddable":true,"href":"https:\/\/fmradiocristal.com.ar\/home-1\/wp-json\/wp\/v2\/media\/11695"}],"wp:attachment":[{"href":"https:\/\/fmradiocristal.com.ar\/home-1\/wp-json\/wp\/v2\/media?parent=11694"}],"wp:term":[{"taxonomy":"category","embeddable":true,"href":"https:\/\/fmradiocristal.com.ar\/home-1\/wp-json\/wp\/v2\/categories?post=11694"},{"taxonomy":"post_tag","embeddable":true,"href":"https:\/\/fmradiocristal.com.ar\/home-1\/wp-json\/wp\/v2\/tags?post=11694"}],"curies":[{"name":"wp","href":"https:\/\/api.w.org\/{rel}","templated":true}]}}