{"id":11697,"date":"2025-01-09T21:43:16","date_gmt":"2025-01-10T00:43:16","guid":{"rendered":"https:\/\/fmradiocristal.com.ar\/home-1\/?p=11697"},"modified":"2025-01-10T21:44:15","modified_gmt":"2025-01-11T00:44:15","slug":"el-transformador-46","status":"publish","type":"post","link":"https:\/\/fmradiocristal.com.ar\/home-1\/el-transformador-46\/","title":{"rendered":"El transformador"},"content":{"rendered":"<p>&nbsp;<\/p>\n<p>Entrevistamos a Ricardo Pi\u00f1eyro Prins, doctor en Sociolog\u00eda del Trabajo, sobre el trabajo y el sindicalismo.<br \/>\nSociolog\u00eda del trabajo actual.<\/p>\n<p><iframe title=\"El transformador - Programa completo (09\/01\/2025)\" width=\"1200\" height=\"675\" src=\"https:\/\/www.youtube.com\/embed\/AGeUFVa1MUA?feature=oembed\" frameborder=\"0\" allow=\"accelerometer; autoplay; clipboard-write; encrypted-media; gyroscope; picture-in-picture; web-share\" referrerpolicy=\"strict-origin-when-cross-origin\" allowfullscreen><\/iframe><\/p>\n","protected":false},"excerpt":{"rendered":"<p>&nbsp; Entrevistamos a Ricardo Pi\u00f1eyro Prins, doctor en Sociolog\u00eda del Trabajo, sobre el trabajo y el sindicalismo. Sociolog\u00eda del trabajo actual.<\/p>\n","protected":false},"author":3,"featured_media":11698,"comment_status":"open","ping_status":"open","sticky":false,"template":"","format":"standard","meta":{"footnotes":""},"categories":[81,43],"tags":[80],"class_list":["post-11697","post","type-post","status-publish","format-standard","has-post-thumbnail","hentry","category-el-transformador","category-programas","tag-el-transformador","have-post-thumb"],"_links":{"self":[{"href":"https:\/\/fmradiocristal.com.ar\/home-1\/wp-json\/wp\/v2\/posts\/11697","targetHints":{"allow":["GET"]}}],"collection":[{"href":"https:\/\/fmradiocristal.com.ar\/home-1\/wp-json\/wp\/v2\/posts"}],"about":[{"href":"https:\/\/fmradiocristal.com.ar\/home-1\/wp-json\/wp\/v2\/types\/post"}],"author":[{"embeddable":true,"href":"https:\/\/fmradiocristal.com.ar\/home-1\/wp-json\/wp\/v2\/users\/3"}],"replies":[{"embeddable":true,"href":"https:\/\/fmradiocristal.com.ar\/home-1\/wp-json\/wp\/v2\/comments?post=11697"}],"version-history":[{"count":1,"href":"https:\/\/fmradiocristal.com.ar\/home-1\/wp-json\/wp\/v2\/posts\/11697\/revisions"}],"predecessor-version":[{"id":11699,"href":"https:\/\/fmradiocristal.com.ar\/home-1\/wp-json\/wp\/v2\/posts\/11697\/revisions\/11699"}],"wp:featuredmedia":[{"embeddable":true,"href":"https:\/\/fmradiocristal.com.ar\/home-1\/wp-json\/wp\/v2\/media\/11698"}],"wp:attachment":[{"href":"https:\/\/fmradiocristal.com.ar\/home-1\/wp-json\/wp\/v2\/media?parent=11697"}],"wp:term":[{"taxonomy":"category","embeddable":true,"href":"https:\/\/fmradiocristal.com.ar\/home-1\/wp-json\/wp\/v2\/categories?post=11697"},{"taxonomy":"post_tag","embeddable":true,"href":"https:\/\/fmradiocristal.com.ar\/home-1\/wp-json\/wp\/v2\/tags?post=11697"}],"curies":[{"name":"wp","href":"https:\/\/api.w.org\/{rel}","templated":true}]}}