{"id":11808,"date":"2025-01-23T08:21:06","date_gmt":"2025-01-23T11:21:06","guid":{"rendered":"https:\/\/fmradiocristal.com.ar\/home-1\/?p=11808"},"modified":"2025-01-24T08:23:06","modified_gmt":"2025-01-24T11:23:06","slug":"produccion-trabajo-y-soberania-10","status":"publish","type":"post","link":"https:\/\/fmradiocristal.com.ar\/home-1\/produccion-trabajo-y-soberania-10\/","title":{"rendered":"Producci\u00f3n, trabajo y soberan\u00eda"},"content":{"rendered":"<p>Producci\u00f3n, trabajo y soberan\u00eda<\/p>\n<p>Argentina y el Mundo. \u00bfC\u00f3mo nos afecta la Asunci\u00f3n de Trump?<br \/>\nLacrisis del agro y la producci\u00f3n regional.<\/p>\n<p>&nbsp;<\/p>\n<p><iframe title=\"Producci\u00f3n, trabajo y soberan\u00eda - Programa completo (23\/01\/2025)\" width=\"1200\" height=\"675\" src=\"https:\/\/www.youtube.com\/embed\/vwy1G62zdyA?feature=oembed\" frameborder=\"0\" allow=\"accelerometer; autoplay; clipboard-write; encrypted-media; gyroscope; picture-in-picture; web-share\" referrerpolicy=\"strict-origin-when-cross-origin\" allowfullscreen><\/iframe><\/p>\n","protected":false},"excerpt":{"rendered":"<p>Producci\u00f3n, trabajo y soberan\u00eda Argentina y el Mundo. \u00bfC\u00f3mo nos afecta la Asunci\u00f3n de Trump? Lacrisis del agro y la producci\u00f3n regional. &nbsp;<\/p>\n","protected":false},"author":3,"featured_media":11809,"comment_status":"open","ping_status":"open","sticky":false,"template":"","format":"standard","meta":{"footnotes":""},"categories":[43,172],"tags":[173],"class_list":["post-11808","post","type-post","status-publish","format-standard","has-post-thumbnail","hentry","category-programas","category-trabajo-y-soberania","tag-ptys","have-post-thumb"],"_links":{"self":[{"href":"https:\/\/fmradiocristal.com.ar\/home-1\/wp-json\/wp\/v2\/posts\/11808","targetHints":{"allow":["GET"]}}],"collection":[{"href":"https:\/\/fmradiocristal.com.ar\/home-1\/wp-json\/wp\/v2\/posts"}],"about":[{"href":"https:\/\/fmradiocristal.com.ar\/home-1\/wp-json\/wp\/v2\/types\/post"}],"author":[{"embeddable":true,"href":"https:\/\/fmradiocristal.com.ar\/home-1\/wp-json\/wp\/v2\/users\/3"}],"replies":[{"embeddable":true,"href":"https:\/\/fmradiocristal.com.ar\/home-1\/wp-json\/wp\/v2\/comments?post=11808"}],"version-history":[{"count":1,"href":"https:\/\/fmradiocristal.com.ar\/home-1\/wp-json\/wp\/v2\/posts\/11808\/revisions"}],"predecessor-version":[{"id":11810,"href":"https:\/\/fmradiocristal.com.ar\/home-1\/wp-json\/wp\/v2\/posts\/11808\/revisions\/11810"}],"wp:featuredmedia":[{"embeddable":true,"href":"https:\/\/fmradiocristal.com.ar\/home-1\/wp-json\/wp\/v2\/media\/11809"}],"wp:attachment":[{"href":"https:\/\/fmradiocristal.com.ar\/home-1\/wp-json\/wp\/v2\/media?parent=11808"}],"wp:term":[{"taxonomy":"category","embeddable":true,"href":"https:\/\/fmradiocristal.com.ar\/home-1\/wp-json\/wp\/v2\/categories?post=11808"},{"taxonomy":"post_tag","embeddable":true,"href":"https:\/\/fmradiocristal.com.ar\/home-1\/wp-json\/wp\/v2\/tags?post=11808"}],"curies":[{"name":"wp","href":"https:\/\/api.w.org\/{rel}","templated":true}]}}