{"id":11814,"date":"2025-01-23T08:24:43","date_gmt":"2025-01-23T11:24:43","guid":{"rendered":"https:\/\/fmradiocristal.com.ar\/home-1\/?p=11814"},"modified":"2025-01-24T08:25:31","modified_gmt":"2025-01-24T11:25:31","slug":"dialogo-argentino-americano-20","status":"publish","type":"post","link":"https:\/\/fmradiocristal.com.ar\/home-1\/dialogo-argentino-americano-20\/","title":{"rendered":"Di\u00e1logo argentino-americano"},"content":{"rendered":"<p>Dialogamos con dos especialistas como Jorge Castro y Juan Pablo Lohl\u00e9 sobre la asunci\u00f3n de Trump.<br \/>\nEl lugar para Argentina.<br \/>\nGeopol\u00edtica internacional.<\/p>\n<p>Geopol\u00edtica Latinoamericana\u00a0puntual.<\/p>\n<p><iframe title=\"Di\u00e1logo argentino-americano - Programa completo (23\/01\/2025)\" width=\"1200\" height=\"675\" src=\"https:\/\/www.youtube.com\/embed\/F_9BY8Cg_7g?feature=oembed\" frameborder=\"0\" allow=\"accelerometer; autoplay; clipboard-write; encrypted-media; gyroscope; picture-in-picture; web-share\" referrerpolicy=\"strict-origin-when-cross-origin\" allowfullscreen><\/iframe><\/p>\n","protected":false},"excerpt":{"rendered":"<p>Dialogamos con dos especialistas como Jorge Castro y Juan Pablo Lohl\u00e9 sobre la asunci\u00f3n de Trump. El lugar para Argentina. Geopol\u00edtica internacional. Geopol\u00edtica Latinoamericana\u00a0puntual.<\/p>\n","protected":false},"author":3,"featured_media":11815,"comment_status":"open","ping_status":"open","sticky":false,"template":"","format":"standard","meta":{"footnotes":""},"categories":[147,43],"tags":[148],"class_list":["post-11814","post","type-post","status-publish","format-standard","has-post-thumbnail","hentry","category-dialogo-argentino-americano","category-programas","tag-dialogo-argentino-americano","have-post-thumb"],"_links":{"self":[{"href":"https:\/\/fmradiocristal.com.ar\/home-1\/wp-json\/wp\/v2\/posts\/11814","targetHints":{"allow":["GET"]}}],"collection":[{"href":"https:\/\/fmradiocristal.com.ar\/home-1\/wp-json\/wp\/v2\/posts"}],"about":[{"href":"https:\/\/fmradiocristal.com.ar\/home-1\/wp-json\/wp\/v2\/types\/post"}],"author":[{"embeddable":true,"href":"https:\/\/fmradiocristal.com.ar\/home-1\/wp-json\/wp\/v2\/users\/3"}],"replies":[{"embeddable":true,"href":"https:\/\/fmradiocristal.com.ar\/home-1\/wp-json\/wp\/v2\/comments?post=11814"}],"version-history":[{"count":1,"href":"https:\/\/fmradiocristal.com.ar\/home-1\/wp-json\/wp\/v2\/posts\/11814\/revisions"}],"predecessor-version":[{"id":11816,"href":"https:\/\/fmradiocristal.com.ar\/home-1\/wp-json\/wp\/v2\/posts\/11814\/revisions\/11816"}],"wp:featuredmedia":[{"embeddable":true,"href":"https:\/\/fmradiocristal.com.ar\/home-1\/wp-json\/wp\/v2\/media\/11815"}],"wp:attachment":[{"href":"https:\/\/fmradiocristal.com.ar\/home-1\/wp-json\/wp\/v2\/media?parent=11814"}],"wp:term":[{"taxonomy":"category","embeddable":true,"href":"https:\/\/fmradiocristal.com.ar\/home-1\/wp-json\/wp\/v2\/categories?post=11814"},{"taxonomy":"post_tag","embeddable":true,"href":"https:\/\/fmradiocristal.com.ar\/home-1\/wp-json\/wp\/v2\/tags?post=11814"}],"curies":[{"name":"wp","href":"https:\/\/api.w.org\/{rel}","templated":true}]}}