{"id":11949,"date":"2025-02-05T19:43:18","date_gmt":"2025-02-05T22:43:18","guid":{"rendered":"https:\/\/fmradiocristal.com.ar\/home-1\/?p=11949"},"modified":"2025-02-05T19:43:18","modified_gmt":"2025-02-05T22:43:18","slug":"el-arte-tiene-un-no-se-que-4","status":"publish","type":"post","link":"https:\/\/fmradiocristal.com.ar\/home-1\/el-arte-tiene-un-no-se-que-4\/","title":{"rendered":"El arte tiene un no se qu\u00e9"},"content":{"rendered":"<p>Dialogamos con Ver\u00f3nica Flom y Daniel Besoytaorube sobre el arte en sus galer\u00eda.<\/p>\n<p>Adem\u00e1s, conversamos con Julio Sanch\u00e9z Baroni\u00a0sobre\u00a0Tarot.<\/p>\n<p><iframe title=\"El arte tiene un no se qu\u00e9 - Programa completo (05\/02\/2025)\" width=\"1200\" height=\"900\" src=\"https:\/\/www.youtube.com\/embed\/CBMmYFn1NR0?feature=oembed\" frameborder=\"0\" allow=\"accelerometer; autoplay; clipboard-write; encrypted-media; gyroscope; picture-in-picture; web-share\" referrerpolicy=\"strict-origin-when-cross-origin\" allowfullscreen><\/iframe><\/p>\n","protected":false},"excerpt":{"rendered":"<p>Dialogamos con Ver\u00f3nica Flom y Daniel Besoytaorube sobre el arte en sus galer\u00eda. Adem\u00e1s, conversamos con Julio Sanch\u00e9z Baroni\u00a0sobre\u00a0Tarot.<\/p>\n","protected":false},"author":3,"featured_media":11950,"comment_status":"open","ping_status":"open","sticky":false,"template":"","format":"standard","meta":{"footnotes":""},"categories":[181,43],"tags":[182],"class_list":["post-11949","post","type-post","status-publish","format-standard","has-post-thumbnail","hentry","category-el-arte-tiene-un-no-se-que","category-programas","tag-el-arte-tiene-un-no-se-que","have-post-thumb"],"_links":{"self":[{"href":"https:\/\/fmradiocristal.com.ar\/home-1\/wp-json\/wp\/v2\/posts\/11949","targetHints":{"allow":["GET"]}}],"collection":[{"href":"https:\/\/fmradiocristal.com.ar\/home-1\/wp-json\/wp\/v2\/posts"}],"about":[{"href":"https:\/\/fmradiocristal.com.ar\/home-1\/wp-json\/wp\/v2\/types\/post"}],"author":[{"embeddable":true,"href":"https:\/\/fmradiocristal.com.ar\/home-1\/wp-json\/wp\/v2\/users\/3"}],"replies":[{"embeddable":true,"href":"https:\/\/fmradiocristal.com.ar\/home-1\/wp-json\/wp\/v2\/comments?post=11949"}],"version-history":[{"count":1,"href":"https:\/\/fmradiocristal.com.ar\/home-1\/wp-json\/wp\/v2\/posts\/11949\/revisions"}],"predecessor-version":[{"id":11951,"href":"https:\/\/fmradiocristal.com.ar\/home-1\/wp-json\/wp\/v2\/posts\/11949\/revisions\/11951"}],"wp:featuredmedia":[{"embeddable":true,"href":"https:\/\/fmradiocristal.com.ar\/home-1\/wp-json\/wp\/v2\/media\/11950"}],"wp:attachment":[{"href":"https:\/\/fmradiocristal.com.ar\/home-1\/wp-json\/wp\/v2\/media?parent=11949"}],"wp:term":[{"taxonomy":"category","embeddable":true,"href":"https:\/\/fmradiocristal.com.ar\/home-1\/wp-json\/wp\/v2\/categories?post=11949"},{"taxonomy":"post_tag","embeddable":true,"href":"https:\/\/fmradiocristal.com.ar\/home-1\/wp-json\/wp\/v2\/tags?post=11949"}],"curies":[{"name":"wp","href":"https:\/\/api.w.org\/{rel}","templated":true}]}}