{"id":12054,"date":"2025-02-18T20:16:01","date_gmt":"2025-02-18T23:16:01","guid":{"rendered":"https:\/\/fmradiocristal.com.ar\/home-1\/?p=12054"},"modified":"2025-02-18T20:16:16","modified_gmt":"2025-02-18T23:16:16","slug":"una-mirada-austral-53","status":"publish","type":"post","link":"https:\/\/fmradiocristal.com.ar\/home-1\/una-mirada-austral-53\/","title":{"rendered":"Una mirada austral"},"content":{"rendered":"<p>&nbsp;<\/p>\n<p>Dialogamos con Juan Cioli, presidente de la Federaci\u00f3n de C\u00e1maras de San Mart\u00edn y de la de la Central de Entidades Empresarias Nacionales (CEEN) y miembro de la Confederaci\u00f3n Pyme (COPYME), sobre hasta cu\u00e1ndo aguantan las Pymes. Industricidio a la industria nacional.<br \/>\n\u00bfPor qu\u00e9 no es proteccionista y nacionalista como Trump?<\/p>\n<p><iframe title=\"Una mirada austral - Programa completo (18\/02\/2025)\" width=\"1200\" height=\"900\" src=\"https:\/\/www.youtube.com\/embed\/4TTWUtQjsjo?feature=oembed\" frameborder=\"0\" allow=\"accelerometer; autoplay; clipboard-write; encrypted-media; gyroscope; picture-in-picture; web-share\" referrerpolicy=\"strict-origin-when-cross-origin\" allowfullscreen><\/iframe><\/p>\n<p>&nbsp;<\/p>\n","protected":false},"excerpt":{"rendered":"<p>&nbsp; Dialogamos con Juan Cioli, presidente de la Federaci\u00f3n de C\u00e1maras de San Mart\u00edn y de la de la Central de Entidades Empresarias Nacionales (CEEN) y miembro de la Confederaci\u00f3n Pyme (COPYME), sobre hasta cu\u00e1ndo aguantan las Pymes. Industricidio a la industria nacional. \u00bfPor qu\u00e9 no es proteccionista y nacionalista como Trump? &nbsp;<\/p>\n","protected":false},"author":3,"featured_media":12055,"comment_status":"open","ping_status":"open","sticky":false,"template":"","format":"standard","meta":{"footnotes":""},"categories":[43,69],"tags":[70],"class_list":["post-12054","post","type-post","status-publish","format-standard","has-post-thumbnail","hentry","category-programas","category-una-mirada-austral","tag-una-mirada-austral","have-post-thumb"],"_links":{"self":[{"href":"https:\/\/fmradiocristal.com.ar\/home-1\/wp-json\/wp\/v2\/posts\/12054","targetHints":{"allow":["GET"]}}],"collection":[{"href":"https:\/\/fmradiocristal.com.ar\/home-1\/wp-json\/wp\/v2\/posts"}],"about":[{"href":"https:\/\/fmradiocristal.com.ar\/home-1\/wp-json\/wp\/v2\/types\/post"}],"author":[{"embeddable":true,"href":"https:\/\/fmradiocristal.com.ar\/home-1\/wp-json\/wp\/v2\/users\/3"}],"replies":[{"embeddable":true,"href":"https:\/\/fmradiocristal.com.ar\/home-1\/wp-json\/wp\/v2\/comments?post=12054"}],"version-history":[{"count":3,"href":"https:\/\/fmradiocristal.com.ar\/home-1\/wp-json\/wp\/v2\/posts\/12054\/revisions"}],"predecessor-version":[{"id":12058,"href":"https:\/\/fmradiocristal.com.ar\/home-1\/wp-json\/wp\/v2\/posts\/12054\/revisions\/12058"}],"wp:featuredmedia":[{"embeddable":true,"href":"https:\/\/fmradiocristal.com.ar\/home-1\/wp-json\/wp\/v2\/media\/12055"}],"wp:attachment":[{"href":"https:\/\/fmradiocristal.com.ar\/home-1\/wp-json\/wp\/v2\/media?parent=12054"}],"wp:term":[{"taxonomy":"category","embeddable":true,"href":"https:\/\/fmradiocristal.com.ar\/home-1\/wp-json\/wp\/v2\/categories?post=12054"},{"taxonomy":"post_tag","embeddable":true,"href":"https:\/\/fmradiocristal.com.ar\/home-1\/wp-json\/wp\/v2\/tags?post=12054"}],"curies":[{"name":"wp","href":"https:\/\/api.w.org\/{rel}","templated":true}]}}