{"id":12233,"date":"2025-03-10T17:03:22","date_gmt":"2025-03-10T20:03:22","guid":{"rendered":"https:\/\/fmradiocristal.com.ar\/home-1\/?p=12233"},"modified":"2025-03-11T17:05:18","modified_gmt":"2025-03-11T20:05:18","slug":"nueva-vision-estrategica-argentina-3","status":"publish","type":"post","link":"https:\/\/fmradiocristal.com.ar\/home-1\/nueva-vision-estrategica-argentina-3\/","title":{"rendered":"Nueva visi\u00f3n estrat\u00e9gica Argentina"},"content":{"rendered":"<p>Dialogamos con Sergio Borrelli sobre la privatizaci\u00f3n\u00a0del\u00a0R\u00edo\u00a0Paran\u00e1.<\/p>\n<p><iframe title=\"Nueva visi\u00f3n estrat\u00e9gica Argentina - Programa completo (10\/03\/2025)\" width=\"1200\" height=\"675\" src=\"https:\/\/www.youtube.com\/embed\/a-eNcjidKLg?feature=oembed\" frameborder=\"0\" allow=\"accelerometer; autoplay; clipboard-write; encrypted-media; gyroscope; picture-in-picture; web-share\" referrerpolicy=\"strict-origin-when-cross-origin\" allowfullscreen><\/iframe><\/p>\n","protected":false},"excerpt":{"rendered":"<p>Dialogamos con Sergio Borrelli sobre la privatizaci\u00f3n\u00a0del\u00a0R\u00edo\u00a0Paran\u00e1.<\/p>\n","protected":false},"author":3,"featured_media":12234,"comment_status":"open","ping_status":"open","sticky":false,"template":"","format":"standard","meta":{"footnotes":""},"categories":[184,43],"tags":[185],"class_list":["post-12233","post","type-post","status-publish","format-standard","has-post-thumbnail","hentry","category-nueva-vision-estrategica-argentina","category-programas","tag-nueva-vision-estrategica-argentina","have-post-thumb"],"_links":{"self":[{"href":"https:\/\/fmradiocristal.com.ar\/home-1\/wp-json\/wp\/v2\/posts\/12233","targetHints":{"allow":["GET"]}}],"collection":[{"href":"https:\/\/fmradiocristal.com.ar\/home-1\/wp-json\/wp\/v2\/posts"}],"about":[{"href":"https:\/\/fmradiocristal.com.ar\/home-1\/wp-json\/wp\/v2\/types\/post"}],"author":[{"embeddable":true,"href":"https:\/\/fmradiocristal.com.ar\/home-1\/wp-json\/wp\/v2\/users\/3"}],"replies":[{"embeddable":true,"href":"https:\/\/fmradiocristal.com.ar\/home-1\/wp-json\/wp\/v2\/comments?post=12233"}],"version-history":[{"count":1,"href":"https:\/\/fmradiocristal.com.ar\/home-1\/wp-json\/wp\/v2\/posts\/12233\/revisions"}],"predecessor-version":[{"id":12235,"href":"https:\/\/fmradiocristal.com.ar\/home-1\/wp-json\/wp\/v2\/posts\/12233\/revisions\/12235"}],"wp:featuredmedia":[{"embeddable":true,"href":"https:\/\/fmradiocristal.com.ar\/home-1\/wp-json\/wp\/v2\/media\/12234"}],"wp:attachment":[{"href":"https:\/\/fmradiocristal.com.ar\/home-1\/wp-json\/wp\/v2\/media?parent=12233"}],"wp:term":[{"taxonomy":"category","embeddable":true,"href":"https:\/\/fmradiocristal.com.ar\/home-1\/wp-json\/wp\/v2\/categories?post=12233"},{"taxonomy":"post_tag","embeddable":true,"href":"https:\/\/fmradiocristal.com.ar\/home-1\/wp-json\/wp\/v2\/tags?post=12233"}],"curies":[{"name":"wp","href":"https:\/\/api.w.org\/{rel}","templated":true}]}}