{"id":12454,"date":"2025-04-04T12:31:43","date_gmt":"2025-04-04T15:31:43","guid":{"rendered":"https:\/\/fmradiocristal.com.ar\/home-1\/?p=12454"},"modified":"2025-04-05T12:33:07","modified_gmt":"2025-04-05T15:33:07","slug":"via-libre","status":"publish","type":"post","link":"https:\/\/fmradiocristal.com.ar\/home-1\/via-libre\/","title":{"rendered":"V\u00eda Libre"},"content":{"rendered":"<p>Entrevistamos a Gustavo Barranco, h\u00e9roe y excombatiente de Malvinas, sobre el conflicto b\u00e9lico<\/p>\n<p><iframe title=\"V\u00eda libre - Programa completo (04\/04\/2025)\" width=\"1200\" height=\"675\" src=\"https:\/\/www.youtube.com\/embed\/dRlg2On969U?feature=oembed\" frameborder=\"0\" allow=\"accelerometer; autoplay; clipboard-write; encrypted-media; gyroscope; picture-in-picture; web-share\" referrerpolicy=\"strict-origin-when-cross-origin\" allowfullscreen><\/iframe><\/p>\n","protected":false},"excerpt":{"rendered":"<p>Entrevistamos a Gustavo Barranco, h\u00e9roe y excombatiente de Malvinas, sobre el conflicto b\u00e9lico<\/p>\n","protected":false},"author":3,"featured_media":12455,"comment_status":"open","ping_status":"open","sticky":false,"template":"","format":"standard","meta":{"footnotes":""},"categories":[43,188],"tags":[189],"class_list":["post-12454","post","type-post","status-publish","format-standard","has-post-thumbnail","hentry","category-programas","category-via-libre","tag-via-libre","have-post-thumb"],"_links":{"self":[{"href":"https:\/\/fmradiocristal.com.ar\/home-1\/wp-json\/wp\/v2\/posts\/12454","targetHints":{"allow":["GET"]}}],"collection":[{"href":"https:\/\/fmradiocristal.com.ar\/home-1\/wp-json\/wp\/v2\/posts"}],"about":[{"href":"https:\/\/fmradiocristal.com.ar\/home-1\/wp-json\/wp\/v2\/types\/post"}],"author":[{"embeddable":true,"href":"https:\/\/fmradiocristal.com.ar\/home-1\/wp-json\/wp\/v2\/users\/3"}],"replies":[{"embeddable":true,"href":"https:\/\/fmradiocristal.com.ar\/home-1\/wp-json\/wp\/v2\/comments?post=12454"}],"version-history":[{"count":1,"href":"https:\/\/fmradiocristal.com.ar\/home-1\/wp-json\/wp\/v2\/posts\/12454\/revisions"}],"predecessor-version":[{"id":12456,"href":"https:\/\/fmradiocristal.com.ar\/home-1\/wp-json\/wp\/v2\/posts\/12454\/revisions\/12456"}],"wp:featuredmedia":[{"embeddable":true,"href":"https:\/\/fmradiocristal.com.ar\/home-1\/wp-json\/wp\/v2\/media\/12455"}],"wp:attachment":[{"href":"https:\/\/fmradiocristal.com.ar\/home-1\/wp-json\/wp\/v2\/media?parent=12454"}],"wp:term":[{"taxonomy":"category","embeddable":true,"href":"https:\/\/fmradiocristal.com.ar\/home-1\/wp-json\/wp\/v2\/categories?post=12454"},{"taxonomy":"post_tag","embeddable":true,"href":"https:\/\/fmradiocristal.com.ar\/home-1\/wp-json\/wp\/v2\/tags?post=12454"}],"curies":[{"name":"wp","href":"https:\/\/api.w.org\/{rel}","templated":true}]}}