{"id":12836,"date":"2025-05-20T15:24:08","date_gmt":"2025-05-20T18:24:08","guid":{"rendered":"https:\/\/fmradiocristal.com.ar\/home-1\/?p=12836"},"modified":"2025-05-20T15:24:08","modified_gmt":"2025-05-20T18:24:08","slug":"tejiendo-un-presente-y-un-futuro-64","status":"publish","type":"post","link":"https:\/\/fmradiocristal.com.ar\/home-1\/tejiendo-un-presente-y-un-futuro-64\/","title":{"rendered":"Tejiendo un presente y un futuro"},"content":{"rendered":"<p>Tejiendo un presente y un futuro<\/p>\n<p>Dialogamos con Luciano Galfione, presidente de Fundaci\u00f3n Pro-Tejer, sobre la situaci\u00f3n del mundo Pyme con estad\u00edstica de Fundaci\u00f3n Pro-Tejer.<br \/>\n\u00bfEntre Trump y Milei a qui\u00e9n elige?<br \/>\nVotaci\u00f3n\u00a0en\u00a0CABA.<\/p>\n<p><iframe title=\"Tejiendo un presente y un futuro - Programa completo (20\/05\/2025)\" width=\"1200\" height=\"675\" src=\"https:\/\/www.youtube.com\/embed\/AZKr5dGHbfg?feature=oembed\" frameborder=\"0\" allow=\"accelerometer; autoplay; clipboard-write; encrypted-media; gyroscope; picture-in-picture; web-share\" referrerpolicy=\"strict-origin-when-cross-origin\" allowfullscreen><\/iframe><\/p>\n","protected":false},"excerpt":{"rendered":"<p>Tejiendo un presente y un futuro Dialogamos con Luciano Galfione, presidente de Fundaci\u00f3n Pro-Tejer, sobre la situaci\u00f3n del mundo Pyme con estad\u00edstica de Fundaci\u00f3n Pro-Tejer. \u00bfEntre Trump y Milei a qui\u00e9n elige? Votaci\u00f3n\u00a0en\u00a0CABA.<\/p>\n","protected":false},"author":3,"featured_media":0,"comment_status":"open","ping_status":"open","sticky":false,"template":"","format":"standard","meta":{"footnotes":""},"categories":[43,41],"tags":[45],"class_list":["post-12836","post","type-post","status-publish","format-standard","hentry","category-programas","category-tejiendo","tag-tejiendo"],"_links":{"self":[{"href":"https:\/\/fmradiocristal.com.ar\/home-1\/wp-json\/wp\/v2\/posts\/12836","targetHints":{"allow":["GET"]}}],"collection":[{"href":"https:\/\/fmradiocristal.com.ar\/home-1\/wp-json\/wp\/v2\/posts"}],"about":[{"href":"https:\/\/fmradiocristal.com.ar\/home-1\/wp-json\/wp\/v2\/types\/post"}],"author":[{"embeddable":true,"href":"https:\/\/fmradiocristal.com.ar\/home-1\/wp-json\/wp\/v2\/users\/3"}],"replies":[{"embeddable":true,"href":"https:\/\/fmradiocristal.com.ar\/home-1\/wp-json\/wp\/v2\/comments?post=12836"}],"version-history":[{"count":1,"href":"https:\/\/fmradiocristal.com.ar\/home-1\/wp-json\/wp\/v2\/posts\/12836\/revisions"}],"predecessor-version":[{"id":12837,"href":"https:\/\/fmradiocristal.com.ar\/home-1\/wp-json\/wp\/v2\/posts\/12836\/revisions\/12837"}],"wp:attachment":[{"href":"https:\/\/fmradiocristal.com.ar\/home-1\/wp-json\/wp\/v2\/media?parent=12836"}],"wp:term":[{"taxonomy":"category","embeddable":true,"href":"https:\/\/fmradiocristal.com.ar\/home-1\/wp-json\/wp\/v2\/categories?post=12836"},{"taxonomy":"post_tag","embeddable":true,"href":"https:\/\/fmradiocristal.com.ar\/home-1\/wp-json\/wp\/v2\/tags?post=12836"}],"curies":[{"name":"wp","href":"https:\/\/api.w.org\/{rel}","templated":true}]}}