{"id":12881,"date":"2025-05-23T17:08:31","date_gmt":"2025-05-23T20:08:31","guid":{"rendered":"https:\/\/fmradiocristal.com.ar\/home-1\/?p=12881"},"modified":"2025-05-23T17:08:53","modified_gmt":"2025-05-23T20:08:53","slug":"ecos-22","status":"publish","type":"post","link":"https:\/\/fmradiocristal.com.ar\/home-1\/ecos-22\/","title":{"rendered":"Ecos"},"content":{"rendered":"<p>Ecos<\/p>\n<p>Dialogamos con Gustavo Diez, vicpresidente del Consejo Profesional en Ciencias Econ\u00f3micas de CABA y candidato a presidente en los pr\u00f3ximos comicios.<\/p>\n<p>Adem\u00e1s, la columna de Miguel Chej Muse con su Consultorio\u00a0Inmobiliario.<\/p>\n<p><iframe title=\"capture   23 mayo 2025   11 40 57 a \u00a0m\" width=\"1200\" height=\"675\" src=\"https:\/\/www.youtube.com\/embed\/vPqsuAXJnoM?feature=oembed\" frameborder=\"0\" allow=\"accelerometer; autoplay; clipboard-write; encrypted-media; gyroscope; picture-in-picture; web-share\" referrerpolicy=\"strict-origin-when-cross-origin\" allowfullscreen><\/iframe><\/p>\n","protected":false},"excerpt":{"rendered":"<p>Ecos Dialogamos con Gustavo Diez, vicpresidente del Consejo Profesional en Ciencias Econ\u00f3micas de CABA y candidato a presidente en los pr\u00f3ximos comicios. Adem\u00e1s, la columna de Miguel Chej Muse con su Consultorio\u00a0Inmobiliario.<\/p>\n","protected":false},"author":3,"featured_media":12882,"comment_status":"open","ping_status":"open","sticky":false,"template":"","format":"standard","meta":{"footnotes":""},"categories":[170,43],"tags":[171],"class_list":["post-12881","post","type-post","status-publish","format-standard","has-post-thumbnail","hentry","category-ecos","category-programas","tag-ecos","have-post-thumb"],"_links":{"self":[{"href":"https:\/\/fmradiocristal.com.ar\/home-1\/wp-json\/wp\/v2\/posts\/12881","targetHints":{"allow":["GET"]}}],"collection":[{"href":"https:\/\/fmradiocristal.com.ar\/home-1\/wp-json\/wp\/v2\/posts"}],"about":[{"href":"https:\/\/fmradiocristal.com.ar\/home-1\/wp-json\/wp\/v2\/types\/post"}],"author":[{"embeddable":true,"href":"https:\/\/fmradiocristal.com.ar\/home-1\/wp-json\/wp\/v2\/users\/3"}],"replies":[{"embeddable":true,"href":"https:\/\/fmradiocristal.com.ar\/home-1\/wp-json\/wp\/v2\/comments?post=12881"}],"version-history":[{"count":1,"href":"https:\/\/fmradiocristal.com.ar\/home-1\/wp-json\/wp\/v2\/posts\/12881\/revisions"}],"predecessor-version":[{"id":12883,"href":"https:\/\/fmradiocristal.com.ar\/home-1\/wp-json\/wp\/v2\/posts\/12881\/revisions\/12883"}],"wp:featuredmedia":[{"embeddable":true,"href":"https:\/\/fmradiocristal.com.ar\/home-1\/wp-json\/wp\/v2\/media\/12882"}],"wp:attachment":[{"href":"https:\/\/fmradiocristal.com.ar\/home-1\/wp-json\/wp\/v2\/media?parent=12881"}],"wp:term":[{"taxonomy":"category","embeddable":true,"href":"https:\/\/fmradiocristal.com.ar\/home-1\/wp-json\/wp\/v2\/categories?post=12881"},{"taxonomy":"post_tag","embeddable":true,"href":"https:\/\/fmradiocristal.com.ar\/home-1\/wp-json\/wp\/v2\/tags?post=12881"}],"curies":[{"name":"wp","href":"https:\/\/api.w.org\/{rel}","templated":true}]}}