{"id":13018,"date":"2025-06-03T09:06:26","date_gmt":"2025-06-03T12:06:26","guid":{"rendered":"https:\/\/fmradiocristal.com.ar\/home-1\/?p=13018"},"modified":"2025-06-05T09:07:22","modified_gmt":"2025-06-05T12:07:22","slug":"tejiendo-un-presente-y-un-futuro-66","status":"publish","type":"post","link":"https:\/\/fmradiocristal.com.ar\/home-1\/tejiendo-un-presente-y-un-futuro-66\/","title":{"rendered":"Tejiendo un presente y un futuro"},"content":{"rendered":"<p>Tejiendo un presente y un futuro<\/p>\n<p>Dialogamos con Jorge Marchini sobre la deuda en la econom\u00eda Argentina. La realidad sobre el d\u00e9ficit cero y la infalci\u00f3n.<br \/>\n\u00bfD\u00f3nde est\u00e1 la salida?<\/p>\n<p><iframe title=\"Tejiendo un presente y un futuro - Programa completo (03\/06\/2025)\" width=\"1200\" height=\"675\" src=\"https:\/\/www.youtube.com\/embed\/QtNDU202q9k?feature=oembed\" frameborder=\"0\" allow=\"accelerometer; autoplay; clipboard-write; encrypted-media; gyroscope; picture-in-picture; web-share\" referrerpolicy=\"strict-origin-when-cross-origin\" allowfullscreen><\/iframe><\/p>\n","protected":false},"excerpt":{"rendered":"<p>Tejiendo un presente y un futuro Dialogamos con Jorge Marchini sobre la deuda en la econom\u00eda Argentina. La realidad sobre el d\u00e9ficit cero y la infalci\u00f3n. \u00bfD\u00f3nde est\u00e1 la salida?<\/p>\n","protected":false},"author":3,"featured_media":13019,"comment_status":"open","ping_status":"open","sticky":false,"template":"","format":"standard","meta":{"footnotes":""},"categories":[43,41],"tags":[45],"class_list":["post-13018","post","type-post","status-publish","format-standard","has-post-thumbnail","hentry","category-programas","category-tejiendo","tag-tejiendo","have-post-thumb"],"_links":{"self":[{"href":"https:\/\/fmradiocristal.com.ar\/home-1\/wp-json\/wp\/v2\/posts\/13018","targetHints":{"allow":["GET"]}}],"collection":[{"href":"https:\/\/fmradiocristal.com.ar\/home-1\/wp-json\/wp\/v2\/posts"}],"about":[{"href":"https:\/\/fmradiocristal.com.ar\/home-1\/wp-json\/wp\/v2\/types\/post"}],"author":[{"embeddable":true,"href":"https:\/\/fmradiocristal.com.ar\/home-1\/wp-json\/wp\/v2\/users\/3"}],"replies":[{"embeddable":true,"href":"https:\/\/fmradiocristal.com.ar\/home-1\/wp-json\/wp\/v2\/comments?post=13018"}],"version-history":[{"count":1,"href":"https:\/\/fmradiocristal.com.ar\/home-1\/wp-json\/wp\/v2\/posts\/13018\/revisions"}],"predecessor-version":[{"id":13020,"href":"https:\/\/fmradiocristal.com.ar\/home-1\/wp-json\/wp\/v2\/posts\/13018\/revisions\/13020"}],"wp:featuredmedia":[{"embeddable":true,"href":"https:\/\/fmradiocristal.com.ar\/home-1\/wp-json\/wp\/v2\/media\/13019"}],"wp:attachment":[{"href":"https:\/\/fmradiocristal.com.ar\/home-1\/wp-json\/wp\/v2\/media?parent=13018"}],"wp:term":[{"taxonomy":"category","embeddable":true,"href":"https:\/\/fmradiocristal.com.ar\/home-1\/wp-json\/wp\/v2\/categories?post=13018"},{"taxonomy":"post_tag","embeddable":true,"href":"https:\/\/fmradiocristal.com.ar\/home-1\/wp-json\/wp\/v2\/tags?post=13018"}],"curies":[{"name":"wp","href":"https:\/\/api.w.org\/{rel}","templated":true}]}}