{"id":13151,"date":"2025-06-18T21:01:03","date_gmt":"2025-06-19T00:01:03","guid":{"rendered":"https:\/\/fmradiocristal.com.ar\/home-1\/?p=13151"},"modified":"2025-06-18T21:01:03","modified_gmt":"2025-06-19T00:01:03","slug":"geopolitica-y-trabajo-31","status":"publish","type":"post","link":"https:\/\/fmradiocristal.com.ar\/home-1\/geopolitica-y-trabajo-31\/","title":{"rendered":"Geopol\u00edtica y trabajo"},"content":{"rendered":"<p>Geopol\u00edtica y trabajo<\/p>\n<p>Dialogamos con Andr\u00e9s Malamud sobre la actualidad internacional.<\/p>\n<p>Adem\u00e1s, hablamos con Pepe Robles y R\u00faben Cortina sobre la actualidad\u00a0nacional.<\/p>\n<p><iframe title=\"Geopol\u00edtica y trabajo - Programa completo (18\/06\/2025)\" width=\"1200\" height=\"675\" src=\"https:\/\/www.youtube.com\/embed\/OpWLMpWW_ic?feature=oembed\" frameborder=\"0\" allow=\"accelerometer; autoplay; clipboard-write; encrypted-media; gyroscope; picture-in-picture; web-share\" referrerpolicy=\"strict-origin-when-cross-origin\" allowfullscreen><\/iframe><\/p>\n","protected":false},"excerpt":{"rendered":"<p>Geopol\u00edtica y trabajo Dialogamos con Andr\u00e9s Malamud sobre la actualidad internacional. Adem\u00e1s, hablamos con Pepe Robles y R\u00faben Cortina sobre la actualidad\u00a0nacional.<\/p>\n","protected":false},"author":3,"featured_media":13152,"comment_status":"open","ping_status":"open","sticky":false,"template":"","format":"standard","meta":{"footnotes":""},"categories":[145,43],"tags":[146],"class_list":["post-13151","post","type-post","status-publish","format-standard","has-post-thumbnail","hentry","category-geopolitica-y-trabajo","category-programas","tag-geopolitica-y-trabajo","have-post-thumb"],"_links":{"self":[{"href":"https:\/\/fmradiocristal.com.ar\/home-1\/wp-json\/wp\/v2\/posts\/13151","targetHints":{"allow":["GET"]}}],"collection":[{"href":"https:\/\/fmradiocristal.com.ar\/home-1\/wp-json\/wp\/v2\/posts"}],"about":[{"href":"https:\/\/fmradiocristal.com.ar\/home-1\/wp-json\/wp\/v2\/types\/post"}],"author":[{"embeddable":true,"href":"https:\/\/fmradiocristal.com.ar\/home-1\/wp-json\/wp\/v2\/users\/3"}],"replies":[{"embeddable":true,"href":"https:\/\/fmradiocristal.com.ar\/home-1\/wp-json\/wp\/v2\/comments?post=13151"}],"version-history":[{"count":1,"href":"https:\/\/fmradiocristal.com.ar\/home-1\/wp-json\/wp\/v2\/posts\/13151\/revisions"}],"predecessor-version":[{"id":13153,"href":"https:\/\/fmradiocristal.com.ar\/home-1\/wp-json\/wp\/v2\/posts\/13151\/revisions\/13153"}],"wp:featuredmedia":[{"embeddable":true,"href":"https:\/\/fmradiocristal.com.ar\/home-1\/wp-json\/wp\/v2\/media\/13152"}],"wp:attachment":[{"href":"https:\/\/fmradiocristal.com.ar\/home-1\/wp-json\/wp\/v2\/media?parent=13151"}],"wp:term":[{"taxonomy":"category","embeddable":true,"href":"https:\/\/fmradiocristal.com.ar\/home-1\/wp-json\/wp\/v2\/categories?post=13151"},{"taxonomy":"post_tag","embeddable":true,"href":"https:\/\/fmradiocristal.com.ar\/home-1\/wp-json\/wp\/v2\/tags?post=13151"}],"curies":[{"name":"wp","href":"https:\/\/api.w.org\/{rel}","templated":true}]}}