{"id":13371,"date":"2025-07-11T22:57:46","date_gmt":"2025-07-12T01:57:46","guid":{"rendered":"https:\/\/fmradiocristal.com.ar\/home-1\/?p=13371"},"modified":"2025-07-11T22:57:46","modified_gmt":"2025-07-12T01:57:46","slug":"ecos-27","status":"publish","type":"post","link":"https:\/\/fmradiocristal.com.ar\/home-1\/ecos-27\/","title":{"rendered":"Ecos"},"content":{"rendered":"<p>Ecos<\/p>\n<p>Estuvimos con Diego Arm\u00faa, titular de Mi Alquiler Garant\u00edas, que nos habl\u00f3 la agilidad en los tr\u00e1mites en alquileres, expensas, servicios y dem\u00e1s.<\/p>\n<p>Adem\u00e1s, como siempre la columna imperdible de Miguel\u00a0Chej\u00a0Muse.<\/p>\n<p><iframe title=\"Ecos - Programa completo (11\/07\/2025)\" width=\"1200\" height=\"675\" src=\"https:\/\/www.youtube.com\/embed\/hIwmSQK55QU?feature=oembed\" frameborder=\"0\" allow=\"accelerometer; autoplay; clipboard-write; encrypted-media; gyroscope; picture-in-picture; web-share\" referrerpolicy=\"strict-origin-when-cross-origin\" allowfullscreen><\/iframe><\/p>\n","protected":false},"excerpt":{"rendered":"<p>Ecos Estuvimos con Diego Arm\u00faa, titular de Mi Alquiler Garant\u00edas, que nos habl\u00f3 la agilidad en los tr\u00e1mites en alquileres, expensas, servicios y dem\u00e1s. Adem\u00e1s, como siempre la columna imperdible de Miguel\u00a0Chej\u00a0Muse.<\/p>\n","protected":false},"author":3,"featured_media":13372,"comment_status":"open","ping_status":"open","sticky":false,"template":"","format":"standard","meta":{"footnotes":""},"categories":[170,43],"tags":[],"class_list":["post-13371","post","type-post","status-publish","format-standard","has-post-thumbnail","hentry","category-ecos","category-programas","have-post-thumb"],"_links":{"self":[{"href":"https:\/\/fmradiocristal.com.ar\/home-1\/wp-json\/wp\/v2\/posts\/13371","targetHints":{"allow":["GET"]}}],"collection":[{"href":"https:\/\/fmradiocristal.com.ar\/home-1\/wp-json\/wp\/v2\/posts"}],"about":[{"href":"https:\/\/fmradiocristal.com.ar\/home-1\/wp-json\/wp\/v2\/types\/post"}],"author":[{"embeddable":true,"href":"https:\/\/fmradiocristal.com.ar\/home-1\/wp-json\/wp\/v2\/users\/3"}],"replies":[{"embeddable":true,"href":"https:\/\/fmradiocristal.com.ar\/home-1\/wp-json\/wp\/v2\/comments?post=13371"}],"version-history":[{"count":1,"href":"https:\/\/fmradiocristal.com.ar\/home-1\/wp-json\/wp\/v2\/posts\/13371\/revisions"}],"predecessor-version":[{"id":13373,"href":"https:\/\/fmradiocristal.com.ar\/home-1\/wp-json\/wp\/v2\/posts\/13371\/revisions\/13373"}],"wp:featuredmedia":[{"embeddable":true,"href":"https:\/\/fmradiocristal.com.ar\/home-1\/wp-json\/wp\/v2\/media\/13372"}],"wp:attachment":[{"href":"https:\/\/fmradiocristal.com.ar\/home-1\/wp-json\/wp\/v2\/media?parent=13371"}],"wp:term":[{"taxonomy":"category","embeddable":true,"href":"https:\/\/fmradiocristal.com.ar\/home-1\/wp-json\/wp\/v2\/categories?post=13371"},{"taxonomy":"post_tag","embeddable":true,"href":"https:\/\/fmradiocristal.com.ar\/home-1\/wp-json\/wp\/v2\/tags?post=13371"}],"curies":[{"name":"wp","href":"https:\/\/api.w.org\/{rel}","templated":true}]}}