{"id":13604,"date":"2025-07-25T16:28:54","date_gmt":"2025-07-25T19:28:54","guid":{"rendered":"https:\/\/fmradiocristal.com.ar\/home-1\/?p=13604"},"modified":"2025-07-26T16:31:16","modified_gmt":"2025-07-26T19:31:16","slug":"rubioxrubio-9","status":"publish","type":"post","link":"https:\/\/fmradiocristal.com.ar\/home-1\/rubioxrubio-9\/","title":{"rendered":"RUBIOxRUBIO"},"content":{"rendered":"<p>RUBIOxRUBIO<\/p>\n<p>Entrevistamos a Dany Martin sobre sus inicios. Historia de vida.Su pasi\u00f3n por la m\u00fasica e inspiraciones.<br \/>\nSus composiciones en momentos de su vida.<br \/>\nSu presente m\u00e1s vigente\u00a0que\u00a0nunca.<\/p>\n<p><iframe title=\"RUBIO x RUBIO - Programa completo (25\/07\/2025)\" width=\"1200\" height=\"675\" src=\"https:\/\/www.youtube.com\/embed\/VyTNvDmKYps?feature=oembed\" frameborder=\"0\" allow=\"accelerometer; autoplay; clipboard-write; encrypted-media; gyroscope; picture-in-picture; web-share\" referrerpolicy=\"strict-origin-when-cross-origin\" allowfullscreen><\/iframe><\/p>\n","protected":false},"excerpt":{"rendered":"<p>RUBIOxRUBIO Entrevistamos a Dany Martin sobre sus inicios. Historia de vida.Su pasi\u00f3n por la m\u00fasica e inspiraciones. Sus composiciones en momentos de su vida. Su presente m\u00e1s vigente\u00a0que\u00a0nunca.<\/p>\n","protected":false},"author":3,"featured_media":13605,"comment_status":"open","ping_status":"open","sticky":false,"template":"","format":"standard","meta":{"footnotes":""},"categories":[43,186],"tags":[187],"class_list":["post-13604","post","type-post","status-publish","format-standard","has-post-thumbnail","hentry","category-programas","category-rubioxrubio","tag-rubioxrubio","have-post-thumb"],"_links":{"self":[{"href":"https:\/\/fmradiocristal.com.ar\/home-1\/wp-json\/wp\/v2\/posts\/13604","targetHints":{"allow":["GET"]}}],"collection":[{"href":"https:\/\/fmradiocristal.com.ar\/home-1\/wp-json\/wp\/v2\/posts"}],"about":[{"href":"https:\/\/fmradiocristal.com.ar\/home-1\/wp-json\/wp\/v2\/types\/post"}],"author":[{"embeddable":true,"href":"https:\/\/fmradiocristal.com.ar\/home-1\/wp-json\/wp\/v2\/users\/3"}],"replies":[{"embeddable":true,"href":"https:\/\/fmradiocristal.com.ar\/home-1\/wp-json\/wp\/v2\/comments?post=13604"}],"version-history":[{"count":1,"href":"https:\/\/fmradiocristal.com.ar\/home-1\/wp-json\/wp\/v2\/posts\/13604\/revisions"}],"predecessor-version":[{"id":13606,"href":"https:\/\/fmradiocristal.com.ar\/home-1\/wp-json\/wp\/v2\/posts\/13604\/revisions\/13606"}],"wp:featuredmedia":[{"embeddable":true,"href":"https:\/\/fmradiocristal.com.ar\/home-1\/wp-json\/wp\/v2\/media\/13605"}],"wp:attachment":[{"href":"https:\/\/fmradiocristal.com.ar\/home-1\/wp-json\/wp\/v2\/media?parent=13604"}],"wp:term":[{"taxonomy":"category","embeddable":true,"href":"https:\/\/fmradiocristal.com.ar\/home-1\/wp-json\/wp\/v2\/categories?post=13604"},{"taxonomy":"post_tag","embeddable":true,"href":"https:\/\/fmradiocristal.com.ar\/home-1\/wp-json\/wp\/v2\/tags?post=13604"}],"curies":[{"name":"wp","href":"https:\/\/api.w.org\/{rel}","templated":true}]}}