{"id":13677,"date":"2025-08-01T14:34:20","date_gmt":"2025-08-01T17:34:20","guid":{"rendered":"https:\/\/fmradiocristal.com.ar\/home-1\/?p=13677"},"modified":"2025-08-03T14:36:22","modified_gmt":"2025-08-03T17:36:22","slug":"via-libre-9","status":"publish","type":"post","link":"https:\/\/fmradiocristal.com.ar\/home-1\/via-libre-9\/","title":{"rendered":"V\u00eda libre"},"content":{"rendered":"<p>V\u00eda libre<\/p>\n<p>Entrevistamos a Ricky Maravilla que nos cont\u00f3 su historia. Su escencian, con una profunda emoci\u00f3n recordando a su familia y en especial a sus padres.<\/p>\n<p><iframe title=\"V\u00eda libre con Ricky Maravilla - Programa completo (01\/08\/2025)\" width=\"1200\" height=\"675\" src=\"https:\/\/www.youtube.com\/embed\/oQzUys6IxhQ?feature=oembed\" frameborder=\"0\" allow=\"accelerometer; autoplay; clipboard-write; encrypted-media; gyroscope; picture-in-picture; web-share\" referrerpolicy=\"strict-origin-when-cross-origin\" allowfullscreen><\/iframe><\/p>\n","protected":false},"excerpt":{"rendered":"<p>V\u00eda libre Entrevistamos a Ricky Maravilla que nos cont\u00f3 su historia. Su escencian, con una profunda emoci\u00f3n recordando a su familia y en especial a sus padres.<\/p>\n","protected":false},"author":3,"featured_media":13678,"comment_status":"open","ping_status":"open","sticky":false,"template":"","format":"standard","meta":{"footnotes":""},"categories":[43,188],"tags":[189],"class_list":["post-13677","post","type-post","status-publish","format-standard","has-post-thumbnail","hentry","category-programas","category-via-libre","tag-via-libre","have-post-thumb"],"_links":{"self":[{"href":"https:\/\/fmradiocristal.com.ar\/home-1\/wp-json\/wp\/v2\/posts\/13677","targetHints":{"allow":["GET"]}}],"collection":[{"href":"https:\/\/fmradiocristal.com.ar\/home-1\/wp-json\/wp\/v2\/posts"}],"about":[{"href":"https:\/\/fmradiocristal.com.ar\/home-1\/wp-json\/wp\/v2\/types\/post"}],"author":[{"embeddable":true,"href":"https:\/\/fmradiocristal.com.ar\/home-1\/wp-json\/wp\/v2\/users\/3"}],"replies":[{"embeddable":true,"href":"https:\/\/fmradiocristal.com.ar\/home-1\/wp-json\/wp\/v2\/comments?post=13677"}],"version-history":[{"count":1,"href":"https:\/\/fmradiocristal.com.ar\/home-1\/wp-json\/wp\/v2\/posts\/13677\/revisions"}],"predecessor-version":[{"id":13679,"href":"https:\/\/fmradiocristal.com.ar\/home-1\/wp-json\/wp\/v2\/posts\/13677\/revisions\/13679"}],"wp:featuredmedia":[{"embeddable":true,"href":"https:\/\/fmradiocristal.com.ar\/home-1\/wp-json\/wp\/v2\/media\/13678"}],"wp:attachment":[{"href":"https:\/\/fmradiocristal.com.ar\/home-1\/wp-json\/wp\/v2\/media?parent=13677"}],"wp:term":[{"taxonomy":"category","embeddable":true,"href":"https:\/\/fmradiocristal.com.ar\/home-1\/wp-json\/wp\/v2\/categories?post=13677"},{"taxonomy":"post_tag","embeddable":true,"href":"https:\/\/fmradiocristal.com.ar\/home-1\/wp-json\/wp\/v2\/tags?post=13677"}],"curies":[{"name":"wp","href":"https:\/\/api.w.org\/{rel}","templated":true}]}}