{"id":13680,"date":"2025-08-01T14:37:17","date_gmt":"2025-08-01T17:37:17","guid":{"rendered":"https:\/\/fmradiocristal.com.ar\/home-1\/?p=13680"},"modified":"2025-08-03T14:38:05","modified_gmt":"2025-08-03T17:38:05","slug":"ecos-28","status":"publish","type":"post","link":"https:\/\/fmradiocristal.com.ar\/home-1\/ecos-28\/","title":{"rendered":"Ecos"},"content":{"rendered":"<p>Entrevistamos a Cacho Rubio figura emblem\u00e1tica del periodismo de espect\u00e1culos y de nuestra FM Radio Cristal. Repasamos sus 50 a\u00f1os de trayectoria desde sus inicios en La Plata hasta la actualidad.<\/p>\n<p>&nbsp;<\/p>\n<p><iframe title=\"Ecos - Programa completo (01\/08\/2025)\" width=\"1200\" height=\"675\" src=\"https:\/\/www.youtube.com\/embed\/iiJPOeS_8JY?feature=oembed\" frameborder=\"0\" allow=\"accelerometer; autoplay; clipboard-write; encrypted-media; gyroscope; picture-in-picture; web-share\" referrerpolicy=\"strict-origin-when-cross-origin\" allowfullscreen><\/iframe><\/p>\n","protected":false},"excerpt":{"rendered":"<p>Entrevistamos a Cacho Rubio figura emblem\u00e1tica del periodismo de espect\u00e1culos y de nuestra FM Radio Cristal. Repasamos sus 50 a\u00f1os de trayectoria desde sus inicios en La Plata hasta la actualidad. &nbsp;<\/p>\n","protected":false},"author":3,"featured_media":13681,"comment_status":"open","ping_status":"open","sticky":false,"template":"","format":"standard","meta":{"footnotes":""},"categories":[170,43],"tags":[171],"class_list":["post-13680","post","type-post","status-publish","format-standard","has-post-thumbnail","hentry","category-ecos","category-programas","tag-ecos","have-post-thumb"],"_links":{"self":[{"href":"https:\/\/fmradiocristal.com.ar\/home-1\/wp-json\/wp\/v2\/posts\/13680","targetHints":{"allow":["GET"]}}],"collection":[{"href":"https:\/\/fmradiocristal.com.ar\/home-1\/wp-json\/wp\/v2\/posts"}],"about":[{"href":"https:\/\/fmradiocristal.com.ar\/home-1\/wp-json\/wp\/v2\/types\/post"}],"author":[{"embeddable":true,"href":"https:\/\/fmradiocristal.com.ar\/home-1\/wp-json\/wp\/v2\/users\/3"}],"replies":[{"embeddable":true,"href":"https:\/\/fmradiocristal.com.ar\/home-1\/wp-json\/wp\/v2\/comments?post=13680"}],"version-history":[{"count":1,"href":"https:\/\/fmradiocristal.com.ar\/home-1\/wp-json\/wp\/v2\/posts\/13680\/revisions"}],"predecessor-version":[{"id":13682,"href":"https:\/\/fmradiocristal.com.ar\/home-1\/wp-json\/wp\/v2\/posts\/13680\/revisions\/13682"}],"wp:featuredmedia":[{"embeddable":true,"href":"https:\/\/fmradiocristal.com.ar\/home-1\/wp-json\/wp\/v2\/media\/13681"}],"wp:attachment":[{"href":"https:\/\/fmradiocristal.com.ar\/home-1\/wp-json\/wp\/v2\/media?parent=13680"}],"wp:term":[{"taxonomy":"category","embeddable":true,"href":"https:\/\/fmradiocristal.com.ar\/home-1\/wp-json\/wp\/v2\/categories?post=13680"},{"taxonomy":"post_tag","embeddable":true,"href":"https:\/\/fmradiocristal.com.ar\/home-1\/wp-json\/wp\/v2\/tags?post=13680"}],"curies":[{"name":"wp","href":"https:\/\/api.w.org\/{rel}","templated":true}]}}