{"id":14620,"date":"2025-09-30T10:30:56","date_gmt":"2025-09-30T13:30:56","guid":{"rendered":"https:\/\/fmradiocristal.com.ar\/home-1\/?p=14620"},"modified":"2025-10-01T10:31:57","modified_gmt":"2025-10-01T13:31:57","slug":"la-horas-bajan","status":"publish","type":"post","link":"https:\/\/fmradiocristal.com.ar\/home-1\/la-horas-bajan\/","title":{"rendered":"La horas bajan"},"content":{"rendered":"<p>La horas bajan<\/p>\n<p>Analizamos la situaci\u00f3n pol\u00edtica a nivel nacional y de River Plate en particular, con m\u00fasica, algo de blend y buena onda.<\/p>\n","protected":false},"excerpt":{"rendered":"<p>La horas bajan Analizamos la situaci\u00f3n pol\u00edtica a nivel nacional y de River Plate en particular, con m\u00fasica, algo de blend y buena onda.<\/p>\n","protected":false},"author":3,"featured_media":14621,"comment_status":"open","ping_status":"open","sticky":false,"template":"","format":"standard","meta":{"footnotes":""},"categories":[201,43],"tags":[202],"class_list":["post-14620","post","type-post","status-publish","format-standard","has-post-thumbnail","hentry","category-las-horas-bajan","category-programas","tag-las-horas-bajan","have-post-thumb"],"_links":{"self":[{"href":"https:\/\/fmradiocristal.com.ar\/home-1\/wp-json\/wp\/v2\/posts\/14620","targetHints":{"allow":["GET"]}}],"collection":[{"href":"https:\/\/fmradiocristal.com.ar\/home-1\/wp-json\/wp\/v2\/posts"}],"about":[{"href":"https:\/\/fmradiocristal.com.ar\/home-1\/wp-json\/wp\/v2\/types\/post"}],"author":[{"embeddable":true,"href":"https:\/\/fmradiocristal.com.ar\/home-1\/wp-json\/wp\/v2\/users\/3"}],"replies":[{"embeddable":true,"href":"https:\/\/fmradiocristal.com.ar\/home-1\/wp-json\/wp\/v2\/comments?post=14620"}],"version-history":[{"count":1,"href":"https:\/\/fmradiocristal.com.ar\/home-1\/wp-json\/wp\/v2\/posts\/14620\/revisions"}],"predecessor-version":[{"id":14622,"href":"https:\/\/fmradiocristal.com.ar\/home-1\/wp-json\/wp\/v2\/posts\/14620\/revisions\/14622"}],"wp:featuredmedia":[{"embeddable":true,"href":"https:\/\/fmradiocristal.com.ar\/home-1\/wp-json\/wp\/v2\/media\/14621"}],"wp:attachment":[{"href":"https:\/\/fmradiocristal.com.ar\/home-1\/wp-json\/wp\/v2\/media?parent=14620"}],"wp:term":[{"taxonomy":"category","embeddable":true,"href":"https:\/\/fmradiocristal.com.ar\/home-1\/wp-json\/wp\/v2\/categories?post=14620"},{"taxonomy":"post_tag","embeddable":true,"href":"https:\/\/fmradiocristal.com.ar\/home-1\/wp-json\/wp\/v2\/tags?post=14620"}],"curies":[{"name":"wp","href":"https:\/\/api.w.org\/{rel}","templated":true}]}}