{"id":14714,"date":"2025-10-07T23:55:19","date_gmt":"2025-10-08T02:55:19","guid":{"rendered":"https:\/\/fmradiocristal.com.ar\/home-1\/?p=14714"},"modified":"2025-10-07T23:55:19","modified_gmt":"2025-10-08T02:55:19","slug":"economia-popular-126","status":"publish","type":"post","link":"https:\/\/fmradiocristal.com.ar\/home-1\/economia-popular-126\/","title":{"rendered":"Econom\u00eda popular"},"content":{"rendered":"<p>Econom\u00eda popular<\/p>\n<p>Dialogamos con Mauro Gonz\u00e1lez sobre lo que expres\u00f3 el Presidente Milei: \u00abBaja la inflaci\u00f3n, baja la pobreza, baja la indigencia, aumento de salarios\u00bb.<\/p>\n<p>\u00bfDe qu\u00e9 se quejan\u00a0las\u00a0Pymes?<\/p>\n<p>&nbsp;<\/p>\n<p>&nbsp;<\/p>\n<p><iframe title=\"Econom\u00eda popular - Programa completo (07\/10\/2025)\" width=\"1200\" height=\"675\" src=\"https:\/\/www.youtube.com\/embed\/7Z7GCoV4d6U?feature=oembed\" frameborder=\"0\" allow=\"accelerometer; autoplay; clipboard-write; encrypted-media; gyroscope; picture-in-picture; web-share\" referrerpolicy=\"strict-origin-when-cross-origin\" allowfullscreen><\/iframe><\/p>\n","protected":false},"excerpt":{"rendered":"<p>Econom\u00eda popular Dialogamos con Mauro Gonz\u00e1lez sobre lo que expres\u00f3 el Presidente Milei: \u00abBaja la inflaci\u00f3n, baja la pobreza, baja la indigencia, aumento de salarios\u00bb. \u00bfDe qu\u00e9 se quejan\u00a0las\u00a0Pymes? &nbsp; &nbsp;<\/p>\n","protected":false},"author":3,"featured_media":14715,"comment_status":"open","ping_status":"open","sticky":false,"template":"","format":"standard","meta":{"footnotes":""},"categories":[95,43],"tags":[111],"class_list":["post-14714","post","type-post","status-publish","format-standard","has-post-thumbnail","hentry","category-economia-popular","category-programas","tag-economia-popular","have-post-thumb"],"_links":{"self":[{"href":"https:\/\/fmradiocristal.com.ar\/home-1\/wp-json\/wp\/v2\/posts\/14714","targetHints":{"allow":["GET"]}}],"collection":[{"href":"https:\/\/fmradiocristal.com.ar\/home-1\/wp-json\/wp\/v2\/posts"}],"about":[{"href":"https:\/\/fmradiocristal.com.ar\/home-1\/wp-json\/wp\/v2\/types\/post"}],"author":[{"embeddable":true,"href":"https:\/\/fmradiocristal.com.ar\/home-1\/wp-json\/wp\/v2\/users\/3"}],"replies":[{"embeddable":true,"href":"https:\/\/fmradiocristal.com.ar\/home-1\/wp-json\/wp\/v2\/comments?post=14714"}],"version-history":[{"count":1,"href":"https:\/\/fmradiocristal.com.ar\/home-1\/wp-json\/wp\/v2\/posts\/14714\/revisions"}],"predecessor-version":[{"id":14716,"href":"https:\/\/fmradiocristal.com.ar\/home-1\/wp-json\/wp\/v2\/posts\/14714\/revisions\/14716"}],"wp:featuredmedia":[{"embeddable":true,"href":"https:\/\/fmradiocristal.com.ar\/home-1\/wp-json\/wp\/v2\/media\/14715"}],"wp:attachment":[{"href":"https:\/\/fmradiocristal.com.ar\/home-1\/wp-json\/wp\/v2\/media?parent=14714"}],"wp:term":[{"taxonomy":"category","embeddable":true,"href":"https:\/\/fmradiocristal.com.ar\/home-1\/wp-json\/wp\/v2\/categories?post=14714"},{"taxonomy":"post_tag","embeddable":true,"href":"https:\/\/fmradiocristal.com.ar\/home-1\/wp-json\/wp\/v2\/tags?post=14714"}],"curies":[{"name":"wp","href":"https:\/\/api.w.org\/{rel}","templated":true}]}}