{"id":16461,"date":"2026-04-24T21:39:35","date_gmt":"2026-04-25T00:39:35","guid":{"rendered":"https:\/\/fmradiocristal.com.ar\/home-1\/?p=16461"},"modified":"2026-04-26T21:42:50","modified_gmt":"2026-04-27T00:42:50","slug":"ecos-48","status":"publish","type":"post","link":"https:\/\/fmradiocristal.com.ar\/home-1\/ecos-48\/","title":{"rendered":"Ecos"},"content":{"rendered":"<p>Ecos<\/p>\n<p>Entrevistamos a C\u00e9sar Cid Gil, escritor espa\u00f1ol, te\u00f3logo y di\u00e1cono permanente de ma Archidi\u00f3cesis de Madrid, sobre el duelo y cuidados paliativos.<\/p>\n<p>Adem\u00e1s, qu\u00e9 pasa con las ventas en CABA. La actualidad del mercado de alquileres. Novedades del sector inmobiliario.<\/p>\n<p><iframe title=\"Ecos - Programa completo (24\/04\/2026)\" width=\"1200\" height=\"675\" src=\"https:\/\/www.youtube.com\/embed\/MmB9UEjM4FE?feature=oembed\" frameborder=\"0\" allow=\"accelerometer; autoplay; clipboard-write; encrypted-media; gyroscope; picture-in-picture; web-share\" referrerpolicy=\"strict-origin-when-cross-origin\" allowfullscreen><\/iframe><\/p>\n","protected":false},"excerpt":{"rendered":"<p>Ecos Entrevistamos a C\u00e9sar Cid Gil, escritor espa\u00f1ol, te\u00f3logo y di\u00e1cono permanente de ma Archidi\u00f3cesis de Madrid, sobre el duelo y cuidados paliativos. Adem\u00e1s, qu\u00e9 pasa con las ventas en CABA. La actualidad del mercado de alquileres. Novedades del sector inmobiliario.<\/p>\n","protected":false},"author":3,"featured_media":16462,"comment_status":"open","ping_status":"open","sticky":false,"template":"","format":"standard","meta":{"footnotes":""},"categories":[170,43],"tags":[171],"class_list":["post-16461","post","type-post","status-publish","format-standard","has-post-thumbnail","hentry","category-ecos","category-programas","tag-ecos","have-post-thumb"],"_links":{"self":[{"href":"https:\/\/fmradiocristal.com.ar\/home-1\/wp-json\/wp\/v2\/posts\/16461","targetHints":{"allow":["GET"]}}],"collection":[{"href":"https:\/\/fmradiocristal.com.ar\/home-1\/wp-json\/wp\/v2\/posts"}],"about":[{"href":"https:\/\/fmradiocristal.com.ar\/home-1\/wp-json\/wp\/v2\/types\/post"}],"author":[{"embeddable":true,"href":"https:\/\/fmradiocristal.com.ar\/home-1\/wp-json\/wp\/v2\/users\/3"}],"replies":[{"embeddable":true,"href":"https:\/\/fmradiocristal.com.ar\/home-1\/wp-json\/wp\/v2\/comments?post=16461"}],"version-history":[{"count":1,"href":"https:\/\/fmradiocristal.com.ar\/home-1\/wp-json\/wp\/v2\/posts\/16461\/revisions"}],"predecessor-version":[{"id":16463,"href":"https:\/\/fmradiocristal.com.ar\/home-1\/wp-json\/wp\/v2\/posts\/16461\/revisions\/16463"}],"wp:featuredmedia":[{"embeddable":true,"href":"https:\/\/fmradiocristal.com.ar\/home-1\/wp-json\/wp\/v2\/media\/16462"}],"wp:attachment":[{"href":"https:\/\/fmradiocristal.com.ar\/home-1\/wp-json\/wp\/v2\/media?parent=16461"}],"wp:term":[{"taxonomy":"category","embeddable":true,"href":"https:\/\/fmradiocristal.com.ar\/home-1\/wp-json\/wp\/v2\/categories?post=16461"},{"taxonomy":"post_tag","embeddable":true,"href":"https:\/\/fmradiocristal.com.ar\/home-1\/wp-json\/wp\/v2\/tags?post=16461"}],"curies":[{"name":"wp","href":"https:\/\/api.w.org\/{rel}","templated":true}]}}