{"id":6015,"date":"2024-01-16T19:50:20","date_gmt":"2024-01-16T22:50:20","guid":{"rendered":"http:\/\/fmradiocristal.com.ar\/home-1\/?p=6015"},"modified":"2024-01-16T20:04:20","modified_gmt":"2024-01-16T23:04:20","slug":"una-mirada-austral-2","status":"publish","type":"post","link":"https:\/\/fmradiocristal.com.ar\/home-1\/una-mirada-austral-2\/","title":{"rendered":"Una mirada austral"},"content":{"rendered":"<p>\u00c9rika Blum y Ale Piaggi repasaron la historia desde la vuelta a la democracia de los paros sindicales con relaci\u00f3n al pr\u00f3ximo paro de la CGT el 24 de enero. Adem\u00e1s, analizaron la coyuntura socioecon\u00f3mica y pol\u00edtica\u00a0del\u00a0pa\u00eds.<\/p>\n<audio class=\"wp-audio-shortcode\" id=\"audio-6015-1\" preload=\"none\" style=\"width: 100%;\" controls=\"controls\"><source type=\"audio\/mpeg\" src=\"http:\/\/fmradiocristal.com.ar\/wp-content\/uploads\/2024\/01\/Una-mirada-Austral-Rec_01_16_2024_1.mp3?_=1\" \/><a href=\"http:\/\/fmradiocristal.com.ar\/wp-content\/uploads\/2024\/01\/Una-mirada-Austral-Rec_01_16_2024_1.mp3\">http:\/\/fmradiocristal.com.ar\/wp-content\/uploads\/2024\/01\/Una-mirada-Austral-Rec_01_16_2024_1.mp3<\/a><\/audio>\n<p>&nbsp;<\/p>\n","protected":false},"excerpt":{"rendered":"<p>\u00c9rika Blum y Ale Piaggi repasaron la historia desde la vuelta a la democracia de los paros sindicales con relaci\u00f3n al pr\u00f3ximo paro de la CGT el 24 de enero. Adem\u00e1s, analizaron la coyuntura socioecon\u00f3mica y pol\u00edtica\u00a0del\u00a0pa\u00eds. &nbsp;<\/p>\n","protected":false},"author":3,"featured_media":6020,"comment_status":"open","ping_status":"open","sticky":false,"template":"","format":"standard","meta":{"footnotes":""},"categories":[42,43,69],"tags":[46,44,70],"class_list":["post-6015","post","type-post","status-publish","format-standard","has-post-thumbnail","hentry","category-enero","category-programas","category-una-mirada-austral","tag-enero","tag-programas","tag-una-mirada-austral","have-post-thumb"],"_links":{"self":[{"href":"https:\/\/fmradiocristal.com.ar\/home-1\/wp-json\/wp\/v2\/posts\/6015","targetHints":{"allow":["GET"]}}],"collection":[{"href":"https:\/\/fmradiocristal.com.ar\/home-1\/wp-json\/wp\/v2\/posts"}],"about":[{"href":"https:\/\/fmradiocristal.com.ar\/home-1\/wp-json\/wp\/v2\/types\/post"}],"author":[{"embeddable":true,"href":"https:\/\/fmradiocristal.com.ar\/home-1\/wp-json\/wp\/v2\/users\/3"}],"replies":[{"embeddable":true,"href":"https:\/\/fmradiocristal.com.ar\/home-1\/wp-json\/wp\/v2\/comments?post=6015"}],"version-history":[{"count":2,"href":"https:\/\/fmradiocristal.com.ar\/home-1\/wp-json\/wp\/v2\/posts\/6015\/revisions"}],"predecessor-version":[{"id":6021,"href":"https:\/\/fmradiocristal.com.ar\/home-1\/wp-json\/wp\/v2\/posts\/6015\/revisions\/6021"}],"wp:featuredmedia":[{"embeddable":true,"href":"https:\/\/fmradiocristal.com.ar\/home-1\/wp-json\/wp\/v2\/media\/6020"}],"wp:attachment":[{"href":"https:\/\/fmradiocristal.com.ar\/home-1\/wp-json\/wp\/v2\/media?parent=6015"}],"wp:term":[{"taxonomy":"category","embeddable":true,"href":"https:\/\/fmradiocristal.com.ar\/home-1\/wp-json\/wp\/v2\/categories?post=6015"},{"taxonomy":"post_tag","embeddable":true,"href":"https:\/\/fmradiocristal.com.ar\/home-1\/wp-json\/wp\/v2\/tags?post=6015"}],"curies":[{"name":"wp","href":"https:\/\/api.w.org\/{rel}","templated":true}]}}