{"id":6092,"date":"2024-01-23T18:34:15","date_gmt":"2024-01-23T21:34:15","guid":{"rendered":"http:\/\/fmradiocristal.com.ar\/home-1\/?p=6092"},"modified":"2024-01-23T18:34:15","modified_gmt":"2024-01-23T21:34:15","slug":"una-mirada-austral-3","status":"publish","type":"post","link":"https:\/\/fmradiocristal.com.ar\/home-1\/una-mirada-austral-3\/","title":{"rendered":"Una mirada austral"},"content":{"rendered":"<p>\u00c9rika Blum, Pepe Mu\u00f1oz Azpiri y Ale Piaggi analizaron la figura de Mariano Fragueiro y el liberalismo del presidente Javier Milei. Adem\u00e1s, explicaron porque hay tan poco material de Fragueiro.<\/p>\n<audio class=\"wp-audio-shortcode\" id=\"audio-6092-1\" preload=\"none\" style=\"width: 100%;\" controls=\"controls\"><source type=\"audio\/mpeg\" src=\"http:\/\/fmradiocristal.com.ar\/wp-content\/uploads\/2024\/01\/Una-Mirada-Austral-Rec_01_23_24_2.mp3?_=1\" \/><a href=\"http:\/\/fmradiocristal.com.ar\/wp-content\/uploads\/2024\/01\/Una-Mirada-Austral-Rec_01_23_24_2.mp3\">http:\/\/fmradiocristal.com.ar\/wp-content\/uploads\/2024\/01\/Una-Mirada-Austral-Rec_01_23_24_2.mp3<\/a><\/audio>\n","protected":false},"excerpt":{"rendered":"<p>\u00c9rika Blum, Pepe Mu\u00f1oz Azpiri y Ale Piaggi analizaron la figura de Mariano Fragueiro y el liberalismo del presidente Javier Milei. Adem\u00e1s, explicaron porque hay tan poco material de Fragueiro.<\/p>\n","protected":false},"author":3,"featured_media":6093,"comment_status":"open","ping_status":"open","sticky":false,"template":"","format":"standard","meta":{"footnotes":""},"categories":[42,43,69],"tags":[46,44,70],"class_list":["post-6092","post","type-post","status-publish","format-standard","has-post-thumbnail","hentry","category-enero","category-programas","category-una-mirada-austral","tag-enero","tag-programas","tag-una-mirada-austral","have-post-thumb"],"_links":{"self":[{"href":"https:\/\/fmradiocristal.com.ar\/home-1\/wp-json\/wp\/v2\/posts\/6092","targetHints":{"allow":["GET"]}}],"collection":[{"href":"https:\/\/fmradiocristal.com.ar\/home-1\/wp-json\/wp\/v2\/posts"}],"about":[{"href":"https:\/\/fmradiocristal.com.ar\/home-1\/wp-json\/wp\/v2\/types\/post"}],"author":[{"embeddable":true,"href":"https:\/\/fmradiocristal.com.ar\/home-1\/wp-json\/wp\/v2\/users\/3"}],"replies":[{"embeddable":true,"href":"https:\/\/fmradiocristal.com.ar\/home-1\/wp-json\/wp\/v2\/comments?post=6092"}],"version-history":[{"count":1,"href":"https:\/\/fmradiocristal.com.ar\/home-1\/wp-json\/wp\/v2\/posts\/6092\/revisions"}],"predecessor-version":[{"id":6095,"href":"https:\/\/fmradiocristal.com.ar\/home-1\/wp-json\/wp\/v2\/posts\/6092\/revisions\/6095"}],"wp:featuredmedia":[{"embeddable":true,"href":"https:\/\/fmradiocristal.com.ar\/home-1\/wp-json\/wp\/v2\/media\/6093"}],"wp:attachment":[{"href":"https:\/\/fmradiocristal.com.ar\/home-1\/wp-json\/wp\/v2\/media?parent=6092"}],"wp:term":[{"taxonomy":"category","embeddable":true,"href":"https:\/\/fmradiocristal.com.ar\/home-1\/wp-json\/wp\/v2\/categories?post=6092"},{"taxonomy":"post_tag","embeddable":true,"href":"https:\/\/fmradiocristal.com.ar\/home-1\/wp-json\/wp\/v2\/tags?post=6092"}],"curies":[{"name":"wp","href":"https:\/\/api.w.org\/{rel}","templated":true}]}}