{"id":6456,"date":"2024-02-27T21:06:45","date_gmt":"2024-02-28T00:06:45","guid":{"rendered":"http:\/\/fmradiocristal.com.ar\/home-1\/?p=6456"},"modified":"2024-02-27T21:06:45","modified_gmt":"2024-02-28T00:06:45","slug":"politicamente-incorrectos-15","status":"publish","type":"post","link":"https:\/\/fmradiocristal.com.ar\/home-1\/politicamente-incorrectos-15\/","title":{"rendered":"Pol\u00edticamente incorrectos"},"content":{"rendered":"<p>Dialogamos con el prestigioso periodista y analista internacional brasile\u00f1o, Marco Piva sobre la presidencia de Jair Bolsonaro y sus respectivas consecuencias en el \u00e1rea de salud y los casos de corrupci\u00f3n.<br \/>\nAdem\u00e1s, analiz\u00f3 la actualidad de la presidencia de Lula y los positivos resultados econ\u00f3micos.<br \/>\nTambi\u00e9n, advirti\u00f3 sobre el peligro del avance de la extrema derecha\u00a0en\u00a0Brasil.<\/p>\n","protected":false},"excerpt":{"rendered":"<p>Dialogamos con el prestigioso periodista y analista internacional brasile\u00f1o, Marco Piva sobre la presidencia de Jair Bolsonaro y sus respectivas consecuencias en el \u00e1rea de salud y los casos de corrupci\u00f3n. Adem\u00e1s, analiz\u00f3 la actualidad de la presidencia de Lula y los positivos resultados econ\u00f3micos. Tambi\u00e9n, advirti\u00f3 sobre el peligro del avance de la extrema&#8230;<\/p>\n","protected":false},"author":3,"featured_media":6457,"comment_status":"open","ping_status":"open","sticky":false,"template":"","format":"standard","meta":{"footnotes":""},"categories":[77,67,43],"tags":[68],"class_list":["post-6456","post","type-post","status-publish","format-standard","has-post-thumbnail","hentry","category-febrero","category-politicamente-incorrectos","category-programas","tag-politicamente-incorrectos","have-post-thumb"],"_links":{"self":[{"href":"https:\/\/fmradiocristal.com.ar\/home-1\/wp-json\/wp\/v2\/posts\/6456","targetHints":{"allow":["GET"]}}],"collection":[{"href":"https:\/\/fmradiocristal.com.ar\/home-1\/wp-json\/wp\/v2\/posts"}],"about":[{"href":"https:\/\/fmradiocristal.com.ar\/home-1\/wp-json\/wp\/v2\/types\/post"}],"author":[{"embeddable":true,"href":"https:\/\/fmradiocristal.com.ar\/home-1\/wp-json\/wp\/v2\/users\/3"}],"replies":[{"embeddable":true,"href":"https:\/\/fmradiocristal.com.ar\/home-1\/wp-json\/wp\/v2\/comments?post=6456"}],"version-history":[{"count":1,"href":"https:\/\/fmradiocristal.com.ar\/home-1\/wp-json\/wp\/v2\/posts\/6456\/revisions"}],"predecessor-version":[{"id":6458,"href":"https:\/\/fmradiocristal.com.ar\/home-1\/wp-json\/wp\/v2\/posts\/6456\/revisions\/6458"}],"wp:featuredmedia":[{"embeddable":true,"href":"https:\/\/fmradiocristal.com.ar\/home-1\/wp-json\/wp\/v2\/media\/6457"}],"wp:attachment":[{"href":"https:\/\/fmradiocristal.com.ar\/home-1\/wp-json\/wp\/v2\/media?parent=6456"}],"wp:term":[{"taxonomy":"category","embeddable":true,"href":"https:\/\/fmradiocristal.com.ar\/home-1\/wp-json\/wp\/v2\/categories?post=6456"},{"taxonomy":"post_tag","embeddable":true,"href":"https:\/\/fmradiocristal.com.ar\/home-1\/wp-json\/wp\/v2\/tags?post=6456"}],"curies":[{"name":"wp","href":"https:\/\/api.w.org\/{rel}","templated":true}]}}