{"id":6478,"date":"2024-02-29T20:07:38","date_gmt":"2024-02-29T23:07:38","guid":{"rendered":"http:\/\/fmradiocristal.com.ar\/home-1\/?p=6478"},"modified":"2024-02-29T20:08:42","modified_gmt":"2024-02-29T23:08:42","slug":"el-transformador-4","status":"publish","type":"post","link":"https:\/\/fmradiocristal.com.ar\/home-1\/el-transformador-4\/","title":{"rendered":"El transformador"},"content":{"rendered":"<p>Dialogamos con el analista internacional, H\u00e9ctor S\u00e1nchez sobre la coyuntura geopol\u00edtica actual de los conflictos b\u00e9licos. La implicancia de los poderes financieros mundiales. Adem\u00e1s, analiz\u00f3 el verdadero poder detr\u00e1s del Presidente Javier Milei.<\/p>\n<audio class=\"wp-audio-shortcode\" id=\"audio-6478-1\" preload=\"none\" style=\"width: 100%;\" controls=\"controls\"><source type=\"audio\/mpeg\" src=\"http:\/\/fmradiocristal.com.ar\/wp-content\/uploads\/2024\/02\/El-Transformador-Rec_02_29_24_1.mp3?_=1\" \/><a href=\"http:\/\/fmradiocristal.com.ar\/wp-content\/uploads\/2024\/02\/El-Transformador-Rec_02_29_24_1.mp3\">http:\/\/fmradiocristal.com.ar\/wp-content\/uploads\/2024\/02\/El-Transformador-Rec_02_29_24_1.mp3<\/a><\/audio>\n","protected":false},"excerpt":{"rendered":"<p>Dialogamos con el analista internacional, H\u00e9ctor S\u00e1nchez sobre la coyuntura geopol\u00edtica actual de los conflictos b\u00e9licos. La implicancia de los poderes financieros mundiales. Adem\u00e1s, analiz\u00f3 el verdadero poder detr\u00e1s del Presidente Javier Milei.<\/p>\n","protected":false},"author":3,"featured_media":6479,"comment_status":"open","ping_status":"open","sticky":false,"template":"","format":"standard","meta":{"footnotes":""},"categories":[81,77,43],"tags":[80],"class_list":["post-6478","post","type-post","status-publish","format-standard","has-post-thumbnail","hentry","category-el-transformador","category-febrero","category-programas","tag-el-transformador","have-post-thumb"],"_links":{"self":[{"href":"https:\/\/fmradiocristal.com.ar\/home-1\/wp-json\/wp\/v2\/posts\/6478","targetHints":{"allow":["GET"]}}],"collection":[{"href":"https:\/\/fmradiocristal.com.ar\/home-1\/wp-json\/wp\/v2\/posts"}],"about":[{"href":"https:\/\/fmradiocristal.com.ar\/home-1\/wp-json\/wp\/v2\/types\/post"}],"author":[{"embeddable":true,"href":"https:\/\/fmradiocristal.com.ar\/home-1\/wp-json\/wp\/v2\/users\/3"}],"replies":[{"embeddable":true,"href":"https:\/\/fmradiocristal.com.ar\/home-1\/wp-json\/wp\/v2\/comments?post=6478"}],"version-history":[{"count":1,"href":"https:\/\/fmradiocristal.com.ar\/home-1\/wp-json\/wp\/v2\/posts\/6478\/revisions"}],"predecessor-version":[{"id":6481,"href":"https:\/\/fmradiocristal.com.ar\/home-1\/wp-json\/wp\/v2\/posts\/6478\/revisions\/6481"}],"wp:featuredmedia":[{"embeddable":true,"href":"https:\/\/fmradiocristal.com.ar\/home-1\/wp-json\/wp\/v2\/media\/6479"}],"wp:attachment":[{"href":"https:\/\/fmradiocristal.com.ar\/home-1\/wp-json\/wp\/v2\/media?parent=6478"}],"wp:term":[{"taxonomy":"category","embeddable":true,"href":"https:\/\/fmradiocristal.com.ar\/home-1\/wp-json\/wp\/v2\/categories?post=6478"},{"taxonomy":"post_tag","embeddable":true,"href":"https:\/\/fmradiocristal.com.ar\/home-1\/wp-json\/wp\/v2\/tags?post=6478"}],"curies":[{"name":"wp","href":"https:\/\/api.w.org\/{rel}","templated":true}]}}