{"id":6482,"date":"2024-02-29T20:11:37","date_gmt":"2024-02-29T23:11:37","guid":{"rendered":"http:\/\/fmradiocristal.com.ar\/home-1\/?p=6482"},"modified":"2024-02-29T20:11:37","modified_gmt":"2024-02-29T23:11:37","slug":"que-le-digo-9","status":"publish","type":"post","link":"https:\/\/fmradiocristal.com.ar\/home-1\/que-le-digo-9\/","title":{"rendered":"\u00bfQu\u00e9 le digo?"},"content":{"rendered":"<p>En el segmento Visi\u00f3n Desarrollista, Nicol\u00e1s Foscaldi analiz\u00f3 la realidad socioecon\u00f3mica del pa\u00eds. Adem\u00e1s, habl\u00f3 de los desaf\u00edos por delante del Gobierno de Javier Milei y de la apertura de sesiones ordinarias que se celebrar\u00e1n ma\u00f1ana.<\/p>\n<p>Por su parte, Rodolfo Tarraubella habl\u00f3 sobre los programas de participaci\u00f3n ciudadana para aprobaci\u00f3n de proyectos. Coment\u00f3 que Catamarca hay un antes\u00a0y\u00a0un\u00a0despu\u00e9s.<\/p>\n<audio class=\"wp-audio-shortcode\" id=\"audio-6482-1\" preload=\"none\" style=\"width: 100%;\" controls=\"controls\"><source type=\"audio\/mpeg\" src=\"http:\/\/fmradiocristal.com.ar\/wp-content\/uploads\/2024\/02\/Que-le-Digo-Rec_02_29_24_1.mp3?_=1\" \/><a href=\"http:\/\/fmradiocristal.com.ar\/wp-content\/uploads\/2024\/02\/Que-le-Digo-Rec_02_29_24_1.mp3\">http:\/\/fmradiocristal.com.ar\/wp-content\/uploads\/2024\/02\/Que-le-Digo-Rec_02_29_24_1.mp3<\/a><\/audio>\n<p><a href=\"http:\/\/fmradiocristal.com.ar\/wp-content\/uploads\/2024\/02\/Imagen-de-WhatsApp-2024-02-29-a-las-17.46.15_faf8fe19.jpg\"><img fetchpriority=\"high\" decoding=\"async\" class=\"alignnone size-full wp-image-6484\" src=\"http:\/\/fmradiocristal.com.ar\/wp-content\/uploads\/2024\/02\/Imagen-de-WhatsApp-2024-02-29-a-las-17.46.15_faf8fe19.jpg\" alt=\"\" width=\"1280\" height=\"588\" srcset=\"https:\/\/fmradiocristal.com.ar\/wp-content\/uploads\/2024\/02\/Imagen-de-WhatsApp-2024-02-29-a-las-17.46.15_faf8fe19.jpg 1280w, https:\/\/fmradiocristal.com.ar\/wp-content\/uploads\/2024\/02\/Imagen-de-WhatsApp-2024-02-29-a-las-17.46.15_faf8fe19-300x138.jpg 300w, https:\/\/fmradiocristal.com.ar\/wp-content\/uploads\/2024\/02\/Imagen-de-WhatsApp-2024-02-29-a-las-17.46.15_faf8fe19-1024x470.jpg 1024w, https:\/\/fmradiocristal.com.ar\/wp-content\/uploads\/2024\/02\/Imagen-de-WhatsApp-2024-02-29-a-las-17.46.15_faf8fe19-768x353.jpg 768w\" sizes=\"(max-width: 1280px) 100vw, 1280px\" \/><\/a> <a href=\"http:\/\/fmradiocristal.com.ar\/wp-content\/uploads\/2024\/02\/Imagen-de-WhatsApp-2024-02-29-a-las-17.46.15_d349d4a8.jpg\"><img decoding=\"async\" class=\"alignnone size-full wp-image-6485\" src=\"http:\/\/fmradiocristal.com.ar\/wp-content\/uploads\/2024\/02\/Imagen-de-WhatsApp-2024-02-29-a-las-17.46.15_d349d4a8.jpg\" alt=\"\" width=\"1280\" height=\"588\" srcset=\"https:\/\/fmradiocristal.com.ar\/wp-content\/uploads\/2024\/02\/Imagen-de-WhatsApp-2024-02-29-a-las-17.46.15_d349d4a8.jpg 1280w, https:\/\/fmradiocristal.com.ar\/wp-content\/uploads\/2024\/02\/Imagen-de-WhatsApp-2024-02-29-a-las-17.46.15_d349d4a8-300x138.jpg 300w, https:\/\/fmradiocristal.com.ar\/wp-content\/uploads\/2024\/02\/Imagen-de-WhatsApp-2024-02-29-a-las-17.46.15_d349d4a8-1024x470.jpg 1024w, https:\/\/fmradiocristal.com.ar\/wp-content\/uploads\/2024\/02\/Imagen-de-WhatsApp-2024-02-29-a-las-17.46.15_d349d4a8-768x353.jpg 768w\" sizes=\"(max-width: 1280px) 100vw, 1280px\" \/><\/a><\/p>\n","protected":false},"excerpt":{"rendered":"<p>En el segmento Visi\u00f3n Desarrollista, Nicol\u00e1s Foscaldi analiz\u00f3 la realidad socioecon\u00f3mica del pa\u00eds. Adem\u00e1s, habl\u00f3 de los desaf\u00edos por delante del Gobierno de Javier Milei y de la apertura de sesiones ordinarias que se celebrar\u00e1n ma\u00f1ana. Por su parte, Rodolfo Tarraubella habl\u00f3 sobre los programas de participaci\u00f3n ciudadana para aprobaci\u00f3n de proyectos. Coment\u00f3 que Catamarca&#8230;<\/p>\n","protected":false},"author":3,"featured_media":6484,"comment_status":"open","ping_status":"open","sticky":false,"template":"","format":"standard","meta":{"footnotes":""},"categories":[77,43,74,57],"tags":[58],"class_list":["post-6482","post","type-post","status-publish","format-standard","has-post-thumbnail","hentry","category-febrero","category-programas","category-vision-desarrollista","category-que-le-digo","tag-que-le-digo","have-post-thumb"],"_links":{"self":[{"href":"https:\/\/fmradiocristal.com.ar\/home-1\/wp-json\/wp\/v2\/posts\/6482","targetHints":{"allow":["GET"]}}],"collection":[{"href":"https:\/\/fmradiocristal.com.ar\/home-1\/wp-json\/wp\/v2\/posts"}],"about":[{"href":"https:\/\/fmradiocristal.com.ar\/home-1\/wp-json\/wp\/v2\/types\/post"}],"author":[{"embeddable":true,"href":"https:\/\/fmradiocristal.com.ar\/home-1\/wp-json\/wp\/v2\/users\/3"}],"replies":[{"embeddable":true,"href":"https:\/\/fmradiocristal.com.ar\/home-1\/wp-json\/wp\/v2\/comments?post=6482"}],"version-history":[{"count":1,"href":"https:\/\/fmradiocristal.com.ar\/home-1\/wp-json\/wp\/v2\/posts\/6482\/revisions"}],"predecessor-version":[{"id":6486,"href":"https:\/\/fmradiocristal.com.ar\/home-1\/wp-json\/wp\/v2\/posts\/6482\/revisions\/6486"}],"wp:featuredmedia":[{"embeddable":true,"href":"https:\/\/fmradiocristal.com.ar\/home-1\/wp-json\/wp\/v2\/media\/6484"}],"wp:attachment":[{"href":"https:\/\/fmradiocristal.com.ar\/home-1\/wp-json\/wp\/v2\/media?parent=6482"}],"wp:term":[{"taxonomy":"category","embeddable":true,"href":"https:\/\/fmradiocristal.com.ar\/home-1\/wp-json\/wp\/v2\/categories?post=6482"},{"taxonomy":"post_tag","embeddable":true,"href":"https:\/\/fmradiocristal.com.ar\/home-1\/wp-json\/wp\/v2\/tags?post=6482"}],"curies":[{"name":"wp","href":"https:\/\/api.w.org\/{rel}","templated":true}]}}