{"id":7262,"date":"2024-04-23T19:47:41","date_gmt":"2024-04-23T22:47:41","guid":{"rendered":"http:\/\/fmradiocristal.com.ar\/home-1\/?p=7262"},"modified":"2024-04-23T19:47:57","modified_gmt":"2024-04-23T22:47:57","slug":"politicamente-incorrectos-30","status":"publish","type":"post","link":"https:\/\/fmradiocristal.com.ar\/home-1\/politicamente-incorrectos-30\/","title":{"rendered":"Pol\u00edticamente Incorrectos"},"content":{"rendered":"<p>Dialogamos con el exdirector ejecutivo de PAMI y actual intendente de la Localidad de La Cumbre, en el departamento de Punlila, Rub\u00e9n Ovelar sobre su trayectoria pol\u00edtica y lo que m\u00e1s le gust\u00f3 fue el desaf\u00edo\u00a0de ser ministro de Seguridad en el Gobierno de Jos\u00e9 Manuel De la Sota.<\/p>\n<p>Coment\u00f3 su paso por el PAMI. Y nos adentramos en su gesti\u00f3n frente a la intendencia en La Cumbre, C\u00f3rdoba, al que considera su lugar en el mundo.<br \/>\nReflexion\u00f3 sobre el error del exgobernador Schiaretti al irse de su eje en las \u00faltimas elecciones presidenciales.<\/p>\n<p>Y por \u00faltimo, se\u00f1al\u00f3 que el gobernador, Mart\u00edn Llaryora, hace\u00a0lo\u00a0que\u00a0puede.<\/p>\n<audio class=\"wp-audio-shortcode\" id=\"audio-7262-1\" preload=\"none\" style=\"width: 100%;\" controls=\"controls\"><source type=\"audio\/mpeg\" src=\"http:\/\/fmradiocristal.com.ar\/wp-content\/uploads\/2024\/04\/Politicamente-Incorrecto-20240423-150000.mp3?_=1\" \/><a href=\"http:\/\/fmradiocristal.com.ar\/wp-content\/uploads\/2024\/04\/Politicamente-Incorrecto-20240423-150000.mp3\">http:\/\/fmradiocristal.com.ar\/wp-content\/uploads\/2024\/04\/Politicamente-Incorrecto-20240423-150000.mp3<\/a><\/audio>\n","protected":false},"excerpt":{"rendered":"<p>Dialogamos con el exdirector ejecutivo de PAMI y actual intendente de la Localidad de La Cumbre, en el departamento de Punlila, Rub\u00e9n Ovelar sobre su trayectoria pol\u00edtica y lo que m\u00e1s le gust\u00f3 fue el desaf\u00edo\u00a0de ser ministro de Seguridad en el Gobierno de Jos\u00e9 Manuel De la Sota. Coment\u00f3 su paso por el PAMI&#8230;.<\/p>\n","protected":false},"author":3,"featured_media":7264,"comment_status":"open","ping_status":"open","sticky":false,"template":"","format":"standard","meta":{"footnotes":""},"categories":[89,67,43],"tags":[68],"class_list":["post-7262","post","type-post","status-publish","format-standard","has-post-thumbnail","hentry","category-abril","category-politicamente-incorrectos","category-programas","tag-politicamente-incorrectos","have-post-thumb"],"_links":{"self":[{"href":"https:\/\/fmradiocristal.com.ar\/home-1\/wp-json\/wp\/v2\/posts\/7262","targetHints":{"allow":["GET"]}}],"collection":[{"href":"https:\/\/fmradiocristal.com.ar\/home-1\/wp-json\/wp\/v2\/posts"}],"about":[{"href":"https:\/\/fmradiocristal.com.ar\/home-1\/wp-json\/wp\/v2\/types\/post"}],"author":[{"embeddable":true,"href":"https:\/\/fmradiocristal.com.ar\/home-1\/wp-json\/wp\/v2\/users\/3"}],"replies":[{"embeddable":true,"href":"https:\/\/fmradiocristal.com.ar\/home-1\/wp-json\/wp\/v2\/comments?post=7262"}],"version-history":[{"count":2,"href":"https:\/\/fmradiocristal.com.ar\/home-1\/wp-json\/wp\/v2\/posts\/7262\/revisions"}],"predecessor-version":[{"id":7266,"href":"https:\/\/fmradiocristal.com.ar\/home-1\/wp-json\/wp\/v2\/posts\/7262\/revisions\/7266"}],"wp:featuredmedia":[{"embeddable":true,"href":"https:\/\/fmradiocristal.com.ar\/home-1\/wp-json\/wp\/v2\/media\/7264"}],"wp:attachment":[{"href":"https:\/\/fmradiocristal.com.ar\/home-1\/wp-json\/wp\/v2\/media?parent=7262"}],"wp:term":[{"taxonomy":"category","embeddable":true,"href":"https:\/\/fmradiocristal.com.ar\/home-1\/wp-json\/wp\/v2\/categories?post=7262"},{"taxonomy":"post_tag","embeddable":true,"href":"https:\/\/fmradiocristal.com.ar\/home-1\/wp-json\/wp\/v2\/tags?post=7262"}],"curies":[{"name":"wp","href":"https:\/\/api.w.org\/{rel}","templated":true}]}}