{"id":7403,"date":"2024-04-29T19:06:18","date_gmt":"2024-04-29T22:06:18","guid":{"rendered":"http:\/\/fmradiocristal.com.ar\/home-1\/?p=7403"},"modified":"2024-04-29T19:06:29","modified_gmt":"2024-04-29T22:06:29","slug":"politicamente-incorrectos-31","status":"publish","type":"post","link":"https:\/\/fmradiocristal.com.ar\/home-1\/politicamente-incorrectos-31\/","title":{"rendered":"Politicamente incorrectos"},"content":{"rendered":"<p>Gustavo Sosa y Ale Piaggi analizaron la Marcha Universitaria que represent\u00f3 un antes y despu\u00e9s para el Gobierno.<\/p>\n<p>\u00bfPor qu\u00e9 no se marcha por los jubilados y parte de la sociedad que no llega a fin de mes?<\/p>\n<p>Adem\u00e1s, analizamos el discurso de la expresidente, Cristina Fern\u00e1ndez\u00a0de\u00a0Kirchner.<\/p>\n<audio class=\"wp-audio-shortcode\" id=\"audio-7403-1\" preload=\"none\" style=\"width: 100%;\" controls=\"controls\"><source type=\"audio\/mpeg\" src=\"http:\/\/fmradiocristal.com.ar\/wp-content\/uploads\/2024\/04\/Politicamente-Incorrecto-20240429-150000.mp3?_=1\" \/><a href=\"http:\/\/fmradiocristal.com.ar\/wp-content\/uploads\/2024\/04\/Politicamente-Incorrecto-20240429-150000.mp3\">http:\/\/fmradiocristal.com.ar\/wp-content\/uploads\/2024\/04\/Politicamente-Incorrecto-20240429-150000.mp3<\/a><\/audio>\n","protected":false},"excerpt":{"rendered":"<p>Gustavo Sosa y Ale Piaggi analizaron la Marcha Universitaria que represent\u00f3 un antes y despu\u00e9s para el Gobierno. \u00bfPor qu\u00e9 no se marcha por los jubilados y parte de la sociedad que no llega a fin de mes? Adem\u00e1s, analizamos el discurso de la expresidente, Cristina Fern\u00e1ndez\u00a0de\u00a0Kirchner.<\/p>\n","protected":false},"author":3,"featured_media":7405,"comment_status":"open","ping_status":"open","sticky":false,"template":"","format":"standard","meta":{"footnotes":""},"categories":[89,67,43],"tags":[68],"class_list":["post-7403","post","type-post","status-publish","format-standard","has-post-thumbnail","hentry","category-abril","category-politicamente-incorrectos","category-programas","tag-politicamente-incorrectos","have-post-thumb"],"_links":{"self":[{"href":"https:\/\/fmradiocristal.com.ar\/home-1\/wp-json\/wp\/v2\/posts\/7403","targetHints":{"allow":["GET"]}}],"collection":[{"href":"https:\/\/fmradiocristal.com.ar\/home-1\/wp-json\/wp\/v2\/posts"}],"about":[{"href":"https:\/\/fmradiocristal.com.ar\/home-1\/wp-json\/wp\/v2\/types\/post"}],"author":[{"embeddable":true,"href":"https:\/\/fmradiocristal.com.ar\/home-1\/wp-json\/wp\/v2\/users\/3"}],"replies":[{"embeddable":true,"href":"https:\/\/fmradiocristal.com.ar\/home-1\/wp-json\/wp\/v2\/comments?post=7403"}],"version-history":[{"count":1,"href":"https:\/\/fmradiocristal.com.ar\/home-1\/wp-json\/wp\/v2\/posts\/7403\/revisions"}],"predecessor-version":[{"id":7406,"href":"https:\/\/fmradiocristal.com.ar\/home-1\/wp-json\/wp\/v2\/posts\/7403\/revisions\/7406"}],"wp:featuredmedia":[{"embeddable":true,"href":"https:\/\/fmradiocristal.com.ar\/home-1\/wp-json\/wp\/v2\/media\/7405"}],"wp:attachment":[{"href":"https:\/\/fmradiocristal.com.ar\/home-1\/wp-json\/wp\/v2\/media?parent=7403"}],"wp:term":[{"taxonomy":"category","embeddable":true,"href":"https:\/\/fmradiocristal.com.ar\/home-1\/wp-json\/wp\/v2\/categories?post=7403"},{"taxonomy":"post_tag","embeddable":true,"href":"https:\/\/fmradiocristal.com.ar\/home-1\/wp-json\/wp\/v2\/tags?post=7403"}],"curies":[{"name":"wp","href":"https:\/\/api.w.org\/{rel}","templated":true}]}}