{"id":8101,"date":"2024-05-30T18:14:21","date_gmt":"2024-05-30T21:14:21","guid":{"rendered":"http:\/\/fmradiocristal.com.ar\/home-1\/?p=8101"},"modified":"2024-05-30T18:14:42","modified_gmt":"2024-05-30T21:14:42","slug":"educar-con-el-corazon-7","status":"publish","type":"post","link":"https:\/\/fmradiocristal.com.ar\/home-1\/educar-con-el-corazon-7\/","title":{"rendered":"Educar con el coraz\u00f3n"},"content":{"rendered":"<p>Dialogamos con Mariano Ameghino, director de relaciones internacionales de la Universidad Arturo Jauretche, sobre la educaci\u00f3n superior Argentina y la contribuci\u00f3n de los estudiantes extranjeros al pa\u00eds.<\/p>\n<p>Adem\u00e1s, opin\u00f3 sobre el debate en torno al arancelamiento de la universidad para estudiantes extranjeros.<br \/>\nEn sinton\u00eda, tuvimos el testimonio de Valentina Gasca, estudiante\u00a0extranjera.<\/p>\n<audio class=\"wp-audio-shortcode\" id=\"audio-8101-1\" preload=\"none\" style=\"width: 100%;\" controls=\"controls\"><source type=\"audio\/mpeg\" src=\"http:\/\/fmradiocristal.com.ar\/wp-content\/uploads\/2024\/05\/Educar-20240530-160000.mp3?_=1\" \/><a href=\"http:\/\/fmradiocristal.com.ar\/wp-content\/uploads\/2024\/05\/Educar-20240530-160000.mp3\">http:\/\/fmradiocristal.com.ar\/wp-content\/uploads\/2024\/05\/Educar-20240530-160000.mp3<\/a><\/audio>\n","protected":false},"excerpt":{"rendered":"<p>Dialogamos con Mariano Ameghino, director de relaciones internacionales de la Universidad Arturo Jauretche, sobre la educaci\u00f3n superior Argentina y la contribuci\u00f3n de los estudiantes extranjeros al pa\u00eds. Adem\u00e1s, opin\u00f3 sobre el debate en torno al arancelamiento de la universidad para estudiantes extranjeros. En sinton\u00eda, tuvimos el testimonio de Valentina Gasca, estudiante\u00a0extranjera.<\/p>\n","protected":false},"author":3,"featured_media":8104,"comment_status":"open","ping_status":"open","sticky":false,"template":"","format":"standard","meta":{"footnotes":""},"categories":[97,108,43],"tags":[98],"class_list":["post-8101","post","type-post","status-publish","format-standard","has-post-thumbnail","hentry","category-educar-con-el-corazon","category-mayo","category-programas","tag-educar-con-el-corazon","have-post-thumb"],"_links":{"self":[{"href":"https:\/\/fmradiocristal.com.ar\/home-1\/wp-json\/wp\/v2\/posts\/8101","targetHints":{"allow":["GET"]}}],"collection":[{"href":"https:\/\/fmradiocristal.com.ar\/home-1\/wp-json\/wp\/v2\/posts"}],"about":[{"href":"https:\/\/fmradiocristal.com.ar\/home-1\/wp-json\/wp\/v2\/types\/post"}],"author":[{"embeddable":true,"href":"https:\/\/fmradiocristal.com.ar\/home-1\/wp-json\/wp\/v2\/users\/3"}],"replies":[{"embeddable":true,"href":"https:\/\/fmradiocristal.com.ar\/home-1\/wp-json\/wp\/v2\/comments?post=8101"}],"version-history":[{"count":2,"href":"https:\/\/fmradiocristal.com.ar\/home-1\/wp-json\/wp\/v2\/posts\/8101\/revisions"}],"predecessor-version":[{"id":8106,"href":"https:\/\/fmradiocristal.com.ar\/home-1\/wp-json\/wp\/v2\/posts\/8101\/revisions\/8106"}],"wp:featuredmedia":[{"embeddable":true,"href":"https:\/\/fmradiocristal.com.ar\/home-1\/wp-json\/wp\/v2\/media\/8104"}],"wp:attachment":[{"href":"https:\/\/fmradiocristal.com.ar\/home-1\/wp-json\/wp\/v2\/media?parent=8101"}],"wp:term":[{"taxonomy":"category","embeddable":true,"href":"https:\/\/fmradiocristal.com.ar\/home-1\/wp-json\/wp\/v2\/categories?post=8101"},{"taxonomy":"post_tag","embeddable":true,"href":"https:\/\/fmradiocristal.com.ar\/home-1\/wp-json\/wp\/v2\/tags?post=8101"}],"curies":[{"name":"wp","href":"https:\/\/api.w.org\/{rel}","templated":true}]}}