{"id":8127,"date":"2024-05-31T16:48:20","date_gmt":"2024-05-31T19:48:20","guid":{"rendered":"http:\/\/fmradiocristal.com.ar\/home-1\/?p=8127"},"modified":"2024-05-31T16:48:20","modified_gmt":"2024-05-31T19:48:20","slug":"cultura-energetica-34","status":"publish","type":"post","link":"https:\/\/fmradiocristal.com.ar\/home-1\/cultura-energetica-34\/","title":{"rendered":"Cultura energ\u00e9tica"},"content":{"rendered":"<p>Dialogamos con Fernando Cantero, exdiputado nacional y exlegislador porte\u00f1o por la UCR, sobre la actualidad de la UCR.<\/p>\n<p>\u00bfQui\u00e9n la representa? \u00bfQu\u00e9 pas\u00f3 con lo que pas\u00f3 en el radicalismo? \u00bfC\u00f3mo ve al radicalismo en ambas C\u00e1maras?<br \/>\n\u00bfQu\u00e9 opina de la Ley de Bases? \u00bfY los gobernadores radicales?<br \/>\n\u00bfY las Unidades b\u00e1sicas radicales?<br \/>\n\u00bfQu\u00e9 opina de la alianza\u00a0con\u00a0el\u00a0PRO?<\/p>\n<audio class=\"wp-audio-shortcode\" id=\"audio-8127-1\" preload=\"none\" style=\"width: 100%;\" controls=\"controls\"><source type=\"audio\/mpeg\" src=\"http:\/\/fmradiocristal.com.ar\/wp-content\/uploads\/2024\/05\/Cultura-Energetica-20240531-140000.mp3?_=1\" \/><a href=\"http:\/\/fmradiocristal.com.ar\/wp-content\/uploads\/2024\/05\/Cultura-Energetica-20240531-140000.mp3\">http:\/\/fmradiocristal.com.ar\/wp-content\/uploads\/2024\/05\/Cultura-Energetica-20240531-140000.mp3<\/a><\/audio>\n","protected":false},"excerpt":{"rendered":"<p>Dialogamos con Fernando Cantero, exdiputado nacional y exlegislador porte\u00f1o por la UCR, sobre la actualidad de la UCR. \u00bfQui\u00e9n la representa? \u00bfQu\u00e9 pas\u00f3 con lo que pas\u00f3 en el radicalismo? \u00bfC\u00f3mo ve al radicalismo en ambas C\u00e1maras? \u00bfQu\u00e9 opina de la Ley de Bases? \u00bfY los gobernadores radicales? \u00bfY las Unidades b\u00e1sicas radicales? \u00bfQu\u00e9 opina&#8230;<\/p>\n","protected":false},"author":3,"featured_media":8129,"comment_status":"open","ping_status":"open","sticky":false,"template":"","format":"standard","meta":{"footnotes":""},"categories":[50,108,43],"tags":[79],"class_list":["post-8127","post","type-post","status-publish","format-standard","has-post-thumbnail","hentry","category-cultura-energetica","category-mayo","category-programas","tag-cultura-energetica","have-post-thumb"],"_links":{"self":[{"href":"https:\/\/fmradiocristal.com.ar\/home-1\/wp-json\/wp\/v2\/posts\/8127","targetHints":{"allow":["GET"]}}],"collection":[{"href":"https:\/\/fmradiocristal.com.ar\/home-1\/wp-json\/wp\/v2\/posts"}],"about":[{"href":"https:\/\/fmradiocristal.com.ar\/home-1\/wp-json\/wp\/v2\/types\/post"}],"author":[{"embeddable":true,"href":"https:\/\/fmradiocristal.com.ar\/home-1\/wp-json\/wp\/v2\/users\/3"}],"replies":[{"embeddable":true,"href":"https:\/\/fmradiocristal.com.ar\/home-1\/wp-json\/wp\/v2\/comments?post=8127"}],"version-history":[{"count":1,"href":"https:\/\/fmradiocristal.com.ar\/home-1\/wp-json\/wp\/v2\/posts\/8127\/revisions"}],"predecessor-version":[{"id":8130,"href":"https:\/\/fmradiocristal.com.ar\/home-1\/wp-json\/wp\/v2\/posts\/8127\/revisions\/8130"}],"wp:featuredmedia":[{"embeddable":true,"href":"https:\/\/fmradiocristal.com.ar\/home-1\/wp-json\/wp\/v2\/media\/8129"}],"wp:attachment":[{"href":"https:\/\/fmradiocristal.com.ar\/home-1\/wp-json\/wp\/v2\/media?parent=8127"}],"wp:term":[{"taxonomy":"category","embeddable":true,"href":"https:\/\/fmradiocristal.com.ar\/home-1\/wp-json\/wp\/v2\/categories?post=8127"},{"taxonomy":"post_tag","embeddable":true,"href":"https:\/\/fmradiocristal.com.ar\/home-1\/wp-json\/wp\/v2\/tags?post=8127"}],"curies":[{"name":"wp","href":"https:\/\/api.w.org\/{rel}","templated":true}]}}