{"id":8139,"date":"2024-05-31T21:43:10","date_gmt":"2024-06-01T00:43:10","guid":{"rendered":"http:\/\/fmradiocristal.com.ar\/home-1\/?p=8139"},"modified":"2024-06-01T15:51:40","modified_gmt":"2024-06-01T18:51:40","slug":"confesiones-de-una-mascara-4","status":"publish","type":"post","link":"https:\/\/fmradiocristal.com.ar\/home-1\/confesiones-de-una-mascara-4\/","title":{"rendered":"Confesiones de una m\u00e1scara"},"content":{"rendered":"<p>Dialogamos con el profesor de historia y militante peronista, Daniel Mayorano, sobre su nuevo libro \u00abLAUDATO S\u00cd, sus ra\u00edces hist\u00f3ricas\u00bb.<br \/>\n\u00abCentrarnos en el Mundo del Trabajo fue el eje para comprehender la enc\u00edclica y escribir este libro\u00bb, manifest\u00f3\u00a0Mayorano.<\/p>\n<audio class=\"wp-audio-shortcode\" id=\"audio-8139-1\" preload=\"none\" style=\"width: 100%;\" controls=\"controls\"><source type=\"audio\/mpeg\" src=\"http:\/\/fmradiocristal.com.ar\/wp-content\/uploads\/2024\/06\/Confeciones-20240531-160000-1.mp3?_=1\" \/><a href=\"http:\/\/fmradiocristal.com.ar\/wp-content\/uploads\/2024\/06\/Confeciones-20240531-160000-1.mp3\">http:\/\/fmradiocristal.com.ar\/wp-content\/uploads\/2024\/06\/Confeciones-20240531-160000-1.mp3<\/a><\/audio>\n","protected":false},"excerpt":{"rendered":"<p>Dialogamos con el profesor de historia y militante peronista, Daniel Mayorano, sobre su nuevo libro \u00abLAUDATO S\u00cd, sus ra\u00edces hist\u00f3ricas\u00bb. \u00abCentrarnos en el Mundo del Trabajo fue el eje para comprehender la enc\u00edclica y escribir este libro\u00bb, manifest\u00f3\u00a0Mayorano.<\/p>\n","protected":false},"author":3,"featured_media":8146,"comment_status":"open","ping_status":"open","sticky":false,"template":"","format":"standard","meta":{"footnotes":""},"categories":[112,108,43],"tags":[113],"class_list":["post-8139","post","type-post","status-publish","format-standard","has-post-thumbnail","hentry","category-confesiones-de-una-mascara","category-mayo","category-programas","tag-confesiones-de-una-mascara","have-post-thumb"],"_links":{"self":[{"href":"https:\/\/fmradiocristal.com.ar\/home-1\/wp-json\/wp\/v2\/posts\/8139","targetHints":{"allow":["GET"]}}],"collection":[{"href":"https:\/\/fmradiocristal.com.ar\/home-1\/wp-json\/wp\/v2\/posts"}],"about":[{"href":"https:\/\/fmradiocristal.com.ar\/home-1\/wp-json\/wp\/v2\/types\/post"}],"author":[{"embeddable":true,"href":"https:\/\/fmradiocristal.com.ar\/home-1\/wp-json\/wp\/v2\/users\/3"}],"replies":[{"embeddable":true,"href":"https:\/\/fmradiocristal.com.ar\/home-1\/wp-json\/wp\/v2\/comments?post=8139"}],"version-history":[{"count":1,"href":"https:\/\/fmradiocristal.com.ar\/home-1\/wp-json\/wp\/v2\/posts\/8139\/revisions"}],"predecessor-version":[{"id":8141,"href":"https:\/\/fmradiocristal.com.ar\/home-1\/wp-json\/wp\/v2\/posts\/8139\/revisions\/8141"}],"wp:featuredmedia":[{"embeddable":true,"href":"https:\/\/fmradiocristal.com.ar\/home-1\/wp-json\/wp\/v2\/media\/8146"}],"wp:attachment":[{"href":"https:\/\/fmradiocristal.com.ar\/home-1\/wp-json\/wp\/v2\/media?parent=8139"}],"wp:term":[{"taxonomy":"category","embeddable":true,"href":"https:\/\/fmradiocristal.com.ar\/home-1\/wp-json\/wp\/v2\/categories?post=8139"},{"taxonomy":"post_tag","embeddable":true,"href":"https:\/\/fmradiocristal.com.ar\/home-1\/wp-json\/wp\/v2\/tags?post=8139"}],"curies":[{"name":"wp","href":"https:\/\/api.w.org\/{rel}","templated":true}]}}