{"id":8142,"date":"2024-05-31T19:44:19","date_gmt":"2024-05-31T22:44:19","guid":{"rendered":"http:\/\/fmradiocristal.com.ar\/home-1\/?p=8142"},"modified":"2024-06-01T15:49:19","modified_gmt":"2024-06-01T18:49:19","slug":"atr-6","status":"publish","type":"post","link":"https:\/\/fmradiocristal.com.ar\/home-1\/atr-6\/","title":{"rendered":"ATR"},"content":{"rendered":"<p>Dialogamos con el profesor de historia y militante peronista, Daniel Mayorano, sobre su nuevo libro \u00abLAUDATO S\u00cd, sus ra\u00edces hist\u00f3ricas\u00bb.<br \/>\n\u00abCentrarnos en el Mundo del Trabajo fue el eje para comprehender la enc\u00edclica y escribir este libro\u00bb, manifest\u00f3\u00a0Mayorano.<\/p>\n<audio class=\"wp-audio-shortcode\" id=\"audio-8142-1\" preload=\"none\" style=\"width: 100%;\" controls=\"controls\"><source type=\"audio\/mpeg\" src=\"http:\/\/fmradiocristal.com.ar\/wp-content\/uploads\/2024\/06\/ATR-20240531-170000-1.mp3?_=1\" \/><a href=\"http:\/\/fmradiocristal.com.ar\/wp-content\/uploads\/2024\/06\/ATR-20240531-170000-1.mp3\">http:\/\/fmradiocristal.com.ar\/wp-content\/uploads\/2024\/06\/ATR-20240531-170000-1.mp3<\/a><\/audio>\n","protected":false},"excerpt":{"rendered":"<p>Dialogamos con el profesor de historia y militante peronista, Daniel Mayorano, sobre su nuevo libro \u00abLAUDATO S\u00cd, sus ra\u00edces hist\u00f3ricas\u00bb. \u00abCentrarnos en el Mundo del Trabajo fue el eje para comprehender la enc\u00edclica y escribir este libro\u00bb, manifest\u00f3\u00a0Mayorano.<\/p>\n","protected":false},"author":3,"featured_media":8144,"comment_status":"open","ping_status":"open","sticky":false,"template":"","format":"standard","meta":{"footnotes":""},"categories":[114,108,43],"tags":[115],"class_list":["post-8142","post","type-post","status-publish","format-standard","has-post-thumbnail","hentry","category-atr","category-mayo","category-programas","tag-atr","have-post-thumb"],"_links":{"self":[{"href":"https:\/\/fmradiocristal.com.ar\/home-1\/wp-json\/wp\/v2\/posts\/8142","targetHints":{"allow":["GET"]}}],"collection":[{"href":"https:\/\/fmradiocristal.com.ar\/home-1\/wp-json\/wp\/v2\/posts"}],"about":[{"href":"https:\/\/fmradiocristal.com.ar\/home-1\/wp-json\/wp\/v2\/types\/post"}],"author":[{"embeddable":true,"href":"https:\/\/fmradiocristal.com.ar\/home-1\/wp-json\/wp\/v2\/users\/3"}],"replies":[{"embeddable":true,"href":"https:\/\/fmradiocristal.com.ar\/home-1\/wp-json\/wp\/v2\/comments?post=8142"}],"version-history":[{"count":1,"href":"https:\/\/fmradiocristal.com.ar\/home-1\/wp-json\/wp\/v2\/posts\/8142\/revisions"}],"predecessor-version":[{"id":8145,"href":"https:\/\/fmradiocristal.com.ar\/home-1\/wp-json\/wp\/v2\/posts\/8142\/revisions\/8145"}],"wp:featuredmedia":[{"embeddable":true,"href":"https:\/\/fmradiocristal.com.ar\/home-1\/wp-json\/wp\/v2\/media\/8144"}],"wp:attachment":[{"href":"https:\/\/fmradiocristal.com.ar\/home-1\/wp-json\/wp\/v2\/media?parent=8142"}],"wp:term":[{"taxonomy":"category","embeddable":true,"href":"https:\/\/fmradiocristal.com.ar\/home-1\/wp-json\/wp\/v2\/categories?post=8142"},{"taxonomy":"post_tag","embeddable":true,"href":"https:\/\/fmradiocristal.com.ar\/home-1\/wp-json\/wp\/v2\/tags?post=8142"}],"curies":[{"name":"wp","href":"https:\/\/api.w.org\/{rel}","templated":true}]}}