{"id":8195,"date":"2024-06-05T19:51:13","date_gmt":"2024-06-05T22:51:13","guid":{"rendered":"http:\/\/fmradiocristal.com.ar\/home-1\/?p=8195"},"modified":"2024-06-05T21:29:55","modified_gmt":"2024-06-06T00:29:55","slug":"en-clave-grote-39","status":"publish","type":"post","link":"https:\/\/fmradiocristal.com.ar\/home-1\/en-clave-grote-39\/","title":{"rendered":"En clave Grote"},"content":{"rendered":"<p>Dialogamos con Jorge Simmermacher, Contador P\u00fablico y excandidato a intendente de Pilar.<\/p>\n<p>Tambi\u00e9n, charlamos con Julio B\u00e1rbaro, analista\u00a0pol\u00edtico.<\/p>\n<p><iframe title=\"En Clave Grote Rec (06 05 24) 2 by Radio Grote\" width=\"1200\" height=\"400\" scrolling=\"no\" frameborder=\"no\" src=\"https:\/\/w.soundcloud.com\/player\/?visual=true&#038;url=https%3A%2F%2Fapi.soundcloud.com%2Ftracks%2F1838661591&#038;show_artwork=true&#038;maxheight=1000&#038;maxwidth=1200\"><\/iframe><\/p>\n","protected":false},"excerpt":{"rendered":"<p>Dialogamos con Jorge Simmermacher, Contador P\u00fablico y excandidato a intendente de Pilar. Tambi\u00e9n, charlamos con Julio B\u00e1rbaro, analista\u00a0pol\u00edtico.<\/p>\n","protected":false},"author":3,"featured_media":8196,"comment_status":"open","ping_status":"open","sticky":false,"template":"","format":"standard","meta":{"footnotes":""},"categories":[85,120,43],"tags":[86],"class_list":["post-8195","post","type-post","status-publish","format-standard","has-post-thumbnail","hentry","category-en-clave-grote","category-junio-2024","category-programas","tag-en-clave-grote","have-post-thumb"],"_links":{"self":[{"href":"https:\/\/fmradiocristal.com.ar\/home-1\/wp-json\/wp\/v2\/posts\/8195","targetHints":{"allow":["GET"]}}],"collection":[{"href":"https:\/\/fmradiocristal.com.ar\/home-1\/wp-json\/wp\/v2\/posts"}],"about":[{"href":"https:\/\/fmradiocristal.com.ar\/home-1\/wp-json\/wp\/v2\/types\/post"}],"author":[{"embeddable":true,"href":"https:\/\/fmradiocristal.com.ar\/home-1\/wp-json\/wp\/v2\/users\/3"}],"replies":[{"embeddable":true,"href":"https:\/\/fmradiocristal.com.ar\/home-1\/wp-json\/wp\/v2\/comments?post=8195"}],"version-history":[{"count":3,"href":"https:\/\/fmradiocristal.com.ar\/home-1\/wp-json\/wp\/v2\/posts\/8195\/revisions"}],"predecessor-version":[{"id":8221,"href":"https:\/\/fmradiocristal.com.ar\/home-1\/wp-json\/wp\/v2\/posts\/8195\/revisions\/8221"}],"wp:featuredmedia":[{"embeddable":true,"href":"https:\/\/fmradiocristal.com.ar\/home-1\/wp-json\/wp\/v2\/media\/8196"}],"wp:attachment":[{"href":"https:\/\/fmradiocristal.com.ar\/home-1\/wp-json\/wp\/v2\/media?parent=8195"}],"wp:term":[{"taxonomy":"category","embeddable":true,"href":"https:\/\/fmradiocristal.com.ar\/home-1\/wp-json\/wp\/v2\/categories?post=8195"},{"taxonomy":"post_tag","embeddable":true,"href":"https:\/\/fmradiocristal.com.ar\/home-1\/wp-json\/wp\/v2\/tags?post=8195"}],"curies":[{"name":"wp","href":"https:\/\/api.w.org\/{rel}","templated":true}]}}