{"id":8198,"date":"2024-06-05T19:53:07","date_gmt":"2024-06-05T22:53:07","guid":{"rendered":"http:\/\/fmradiocristal.com.ar\/home-1\/?p=8198"},"modified":"2024-06-05T19:56:39","modified_gmt":"2024-06-05T22:56:39","slug":"tiempo-de-encuentro-22","status":"publish","type":"post","link":"https:\/\/fmradiocristal.com.ar\/home-1\/tiempo-de-encuentro-22\/","title":{"rendered":"Tiempo de encuentro"},"content":{"rendered":"<p>C\u00e9sar Crocitta explic\u00f2 qu\u00e9 representa el equilibrio fiscal, que Milei va a defender.<\/p>\n<p>Por su parte en el segmento \u00abel olvidado del d\u00eda\u00bb Pepe Mu\u00f1oz Azpiri record\u00f3 obra y vida de Manuel Ricardo Trelles.<\/p>\n<p>Por su parte, Juli\u00e1n Chasco cont\u00f3 que el Estado ya le sac\u00f3 en impuestos al productor agropecuario el equivalente a la compra de un campo. Adem\u00e1s, analiz\u00f3 el duro diagn\u00f3stico que expres\u00f3 Gustavo Id\u00edgoras, presidente de la c\u00e1mara aceitera, sobre\u00a0el\u00a0sector.<\/p>\n<audio class=\"wp-audio-shortcode\" id=\"audio-8198-1\" preload=\"none\" style=\"width: 100%;\" controls=\"controls\"><source type=\"audio\/mpeg\" src=\"http:\/\/fmradiocristal.com.ar\/wp-content\/uploads\/2024\/06\/Tiempo-de-Encuentro-20240605-130000.mp3?_=1\" \/><a href=\"http:\/\/fmradiocristal.com.ar\/wp-content\/uploads\/2024\/06\/Tiempo-de-Encuentro-20240605-130000.mp3\">http:\/\/fmradiocristal.com.ar\/wp-content\/uploads\/2024\/06\/Tiempo-de-Encuentro-20240605-130000.mp3<\/a><\/audio>\n","protected":false},"excerpt":{"rendered":"<p>C\u00e9sar Crocitta explic\u00f2 qu\u00e9 representa el equilibrio fiscal, que Milei va a defender. Por su parte en el segmento \u00abel olvidado del d\u00eda\u00bb Pepe Mu\u00f1oz Azpiri record\u00f3 obra y vida de Manuel Ricardo Trelles. Por su parte, Juli\u00e1n Chasco cont\u00f3 que el Estado ya le sac\u00f3 en impuestos al productor agropecuario el equivalente a la&#8230;<\/p>\n","protected":false},"author":3,"featured_media":8200,"comment_status":"open","ping_status":"open","sticky":false,"template":"","format":"standard","meta":{"footnotes":""},"categories":[120,43,52],"tags":[47],"class_list":["post-8198","post","type-post","status-publish","format-standard","has-post-thumbnail","hentry","category-junio-2024","category-programas","category-tiempo-de-encuentro","tag-tiempoencuentro","have-post-thumb"],"_links":{"self":[{"href":"https:\/\/fmradiocristal.com.ar\/home-1\/wp-json\/wp\/v2\/posts\/8198","targetHints":{"allow":["GET"]}}],"collection":[{"href":"https:\/\/fmradiocristal.com.ar\/home-1\/wp-json\/wp\/v2\/posts"}],"about":[{"href":"https:\/\/fmradiocristal.com.ar\/home-1\/wp-json\/wp\/v2\/types\/post"}],"author":[{"embeddable":true,"href":"https:\/\/fmradiocristal.com.ar\/home-1\/wp-json\/wp\/v2\/users\/3"}],"replies":[{"embeddable":true,"href":"https:\/\/fmradiocristal.com.ar\/home-1\/wp-json\/wp\/v2\/comments?post=8198"}],"version-history":[{"count":1,"href":"https:\/\/fmradiocristal.com.ar\/home-1\/wp-json\/wp\/v2\/posts\/8198\/revisions"}],"predecessor-version":[{"id":8201,"href":"https:\/\/fmradiocristal.com.ar\/home-1\/wp-json\/wp\/v2\/posts\/8198\/revisions\/8201"}],"wp:featuredmedia":[{"embeddable":true,"href":"https:\/\/fmradiocristal.com.ar\/home-1\/wp-json\/wp\/v2\/media\/8200"}],"wp:attachment":[{"href":"https:\/\/fmradiocristal.com.ar\/home-1\/wp-json\/wp\/v2\/media?parent=8198"}],"wp:term":[{"taxonomy":"category","embeddable":true,"href":"https:\/\/fmradiocristal.com.ar\/home-1\/wp-json\/wp\/v2\/categories?post=8198"},{"taxonomy":"post_tag","embeddable":true,"href":"https:\/\/fmradiocristal.com.ar\/home-1\/wp-json\/wp\/v2\/tags?post=8198"}],"curies":[{"name":"wp","href":"https:\/\/api.w.org\/{rel}","templated":true}]}}