{"id":8291,"date":"2024-06-10T22:42:09","date_gmt":"2024-06-11T01:42:09","guid":{"rendered":"http:\/\/fmradiocristal.com.ar\/home-1\/?p=8291"},"modified":"2024-06-10T22:42:42","modified_gmt":"2024-06-11T01:42:42","slug":"el-valor-de-las-palabras-20","status":"publish","type":"post","link":"https:\/\/fmradiocristal.com.ar\/home-1\/el-valor-de-las-palabras-20\/","title":{"rendered":"El valor de las palabras"},"content":{"rendered":"<p>Dialogamos con analista internacional, Quique Romero sobre la coyuntura pol\u00edtica, econ\u00f3mica y social en base a una semana con la salida o no de la Ley Bases, lo que implicar\u00eda geopol\u00edticamente en Argentina.<\/p>\n<p>Adem\u00e1s, nos dio su visi\u00f3n sobre nuestra geopol\u00edtica internacional: \u00bfviajes del Presidente al servicio de qu\u00e9 o qui\u00e9n?<\/p>\n<p>\u00bfLlegar\u00e1n las inversiones extranjeras?<br \/>\n\u00bfDe qu\u00e9 depende?<\/p>\n<p>Por \u00faltimo, an\u00e1lisis del ol de nuestra Canciller, Diana Mondino, y su visi\u00f3n geopol\u00edtico\u00a0mundial.<\/p>\n<p><iframe title=\"El Valor de las palabras - Programa Completo (10 Junio 2024)\" src=\"https:\/\/www.youtube.com\/embed\/Ayy5Fz0PZSQ\" width=\"1054\" height=\"593\" frameborder=\"0\" allowfullscreen=\"allowfullscreen\"><\/iframe><\/p>\n","protected":false},"excerpt":{"rendered":"<p>Dialogamos con analista internacional, Quique Romero sobre la coyuntura pol\u00edtica, econ\u00f3mica y social en base a una semana con la salida o no de la Ley Bases, lo que implicar\u00eda geopol\u00edticamente en Argentina. Adem\u00e1s, nos dio su visi\u00f3n sobre nuestra geopol\u00edtica internacional: \u00bfviajes del Presidente al servicio de qu\u00e9 o qui\u00e9n? \u00bfLlegar\u00e1n las inversiones extranjeras?&#8230;<\/p>\n","protected":false},"author":3,"featured_media":8293,"comment_status":"open","ping_status":"open","sticky":false,"template":"","format":"standard","meta":{"footnotes":""},"categories":[65,120,43,1],"tags":[66],"class_list":["post-8291","post","type-post","status-publish","format-standard","has-post-thumbnail","hentry","category-el-valor-de-las-palabras","category-junio-2024","category-programas","category-sin-categoria","tag-el-valor-de-la-palabras","have-post-thumb"],"_links":{"self":[{"href":"https:\/\/fmradiocristal.com.ar\/home-1\/wp-json\/wp\/v2\/posts\/8291","targetHints":{"allow":["GET"]}}],"collection":[{"href":"https:\/\/fmradiocristal.com.ar\/home-1\/wp-json\/wp\/v2\/posts"}],"about":[{"href":"https:\/\/fmradiocristal.com.ar\/home-1\/wp-json\/wp\/v2\/types\/post"}],"author":[{"embeddable":true,"href":"https:\/\/fmradiocristal.com.ar\/home-1\/wp-json\/wp\/v2\/users\/3"}],"replies":[{"embeddable":true,"href":"https:\/\/fmradiocristal.com.ar\/home-1\/wp-json\/wp\/v2\/comments?post=8291"}],"version-history":[{"count":3,"href":"https:\/\/fmradiocristal.com.ar\/home-1\/wp-json\/wp\/v2\/posts\/8291\/revisions"}],"predecessor-version":[{"id":8296,"href":"https:\/\/fmradiocristal.com.ar\/home-1\/wp-json\/wp\/v2\/posts\/8291\/revisions\/8296"}],"wp:featuredmedia":[{"embeddable":true,"href":"https:\/\/fmradiocristal.com.ar\/home-1\/wp-json\/wp\/v2\/media\/8293"}],"wp:attachment":[{"href":"https:\/\/fmradiocristal.com.ar\/home-1\/wp-json\/wp\/v2\/media?parent=8291"}],"wp:term":[{"taxonomy":"category","embeddable":true,"href":"https:\/\/fmradiocristal.com.ar\/home-1\/wp-json\/wp\/v2\/categories?post=8291"},{"taxonomy":"post_tag","embeddable":true,"href":"https:\/\/fmradiocristal.com.ar\/home-1\/wp-json\/wp\/v2\/tags?post=8291"}],"curies":[{"name":"wp","href":"https:\/\/api.w.org\/{rel}","templated":true}]}}