{"id":8601,"date":"2024-06-29T10:09:20","date_gmt":"2024-06-29T13:09:20","guid":{"rendered":"http:\/\/fmradiocristal.com.ar\/home-1\/?p=8601"},"modified":"2024-07-01T10:10:10","modified_gmt":"2024-07-01T13:10:10","slug":"cultura-emergente-10","status":"publish","type":"post","link":"https:\/\/fmradiocristal.com.ar\/home-1\/cultura-emergente-10\/","title":{"rendered":"Cultura emergente"},"content":{"rendered":"<p>Estuvimos con Blokbaster que nos contaron c\u00f3mo nace el nombre de la Banda.<\/p>\n<p>Repasamos temas de su \u00faltimo disco lanzado en el 2023.<\/p>\n<p>La intro de su \u00faltimo disco es con lo que comienzan sus shows nos cont\u00f3 la Banda.<\/p>\n<p>Y escuchamos otros tres temas que nos contaron c\u00f3mo surgieron.<\/p>\n<p>Para ellos: \u00abLa M\u00fasica Transforma la Realidad\u00bb<\/p>\n<p>Es un disco conceptual multi-g\u00e9nero; nada los encasilla, todo los fusiona.<\/p>\n<p>Tocar\u00e1n el pr\u00f3ximo jueves en Bula.<\/p>\n<p>Y finalizamos con: \u00abTodo\u00a0lo\u00a0que\u00a0Sube\u00bb.<br \/>\n<iframe width=\"560\" height=\"315\" src=\"https:\/\/www.youtube.com\/embed\/DcK0kbiVeDk?si=rzGAbBqJ53A4UkFP\" title=\"YouTube video player\" frameborder=\"0\" allow=\"accelerometer; autoplay; clipboard-write; encrypted-media; gyroscope; picture-in-picture; web-share\" referrerpolicy=\"strict-origin-when-cross-origin\" allowfullscreen><\/iframe><\/p>\n","protected":false},"excerpt":{"rendered":"<p>Estuvimos con Blokbaster que nos contaron c\u00f3mo nace el nombre de la Banda. Repasamos temas de su \u00faltimo disco lanzado en el 2023. La intro de su \u00faltimo disco es con lo que comienzan sus shows nos cont\u00f3 la Banda. Y escuchamos otros tres temas que nos contaron c\u00f3mo surgieron. Para ellos: \u00abLa M\u00fasica Transforma&#8230;<\/p>\n","protected":false},"author":3,"featured_media":8602,"comment_status":"open","ping_status":"open","sticky":false,"template":"","format":"standard","meta":{"footnotes":""},"categories":[93,120,43],"tags":[94],"class_list":["post-8601","post","type-post","status-publish","format-standard","has-post-thumbnail","hentry","category-cultura-emergente","category-junio-2024","category-programas","tag-cultura-emergente","have-post-thumb"],"_links":{"self":[{"href":"https:\/\/fmradiocristal.com.ar\/home-1\/wp-json\/wp\/v2\/posts\/8601","targetHints":{"allow":["GET"]}}],"collection":[{"href":"https:\/\/fmradiocristal.com.ar\/home-1\/wp-json\/wp\/v2\/posts"}],"about":[{"href":"https:\/\/fmradiocristal.com.ar\/home-1\/wp-json\/wp\/v2\/types\/post"}],"author":[{"embeddable":true,"href":"https:\/\/fmradiocristal.com.ar\/home-1\/wp-json\/wp\/v2\/users\/3"}],"replies":[{"embeddable":true,"href":"https:\/\/fmradiocristal.com.ar\/home-1\/wp-json\/wp\/v2\/comments?post=8601"}],"version-history":[{"count":1,"href":"https:\/\/fmradiocristal.com.ar\/home-1\/wp-json\/wp\/v2\/posts\/8601\/revisions"}],"predecessor-version":[{"id":8603,"href":"https:\/\/fmradiocristal.com.ar\/home-1\/wp-json\/wp\/v2\/posts\/8601\/revisions\/8603"}],"wp:featuredmedia":[{"embeddable":true,"href":"https:\/\/fmradiocristal.com.ar\/home-1\/wp-json\/wp\/v2\/media\/8602"}],"wp:attachment":[{"href":"https:\/\/fmradiocristal.com.ar\/home-1\/wp-json\/wp\/v2\/media?parent=8601"}],"wp:term":[{"taxonomy":"category","embeddable":true,"href":"https:\/\/fmradiocristal.com.ar\/home-1\/wp-json\/wp\/v2\/categories?post=8601"},{"taxonomy":"post_tag","embeddable":true,"href":"https:\/\/fmradiocristal.com.ar\/home-1\/wp-json\/wp\/v2\/tags?post=8601"}],"curies":[{"name":"wp","href":"https:\/\/api.w.org\/{rel}","templated":true}]}}