{"id":8878,"date":"2024-07-18T20:43:41","date_gmt":"2024-07-18T23:43:41","guid":{"rendered":"http:\/\/fmradiocristal.com.ar\/home-1\/?p=8878"},"modified":"2024-07-18T20:43:41","modified_gmt":"2024-07-18T23:43:41","slug":"educar-con-el-corazon-14","status":"publish","type":"post","link":"https:\/\/fmradiocristal.com.ar\/home-1\/educar-con-el-corazon-14\/","title":{"rendered":"Educar con el coraz\u00f3n"},"content":{"rendered":"<p>Dialogamos con Federico Wagner, secretario gremial de secundaria, adultos y especial de UEPC delegaci\u00f3n C\u00f3rdoba Capital, sobre la situaci\u00f3n paritaria en la educaci\u00f3n media en C\u00f3rdoba.<br \/>\nSituaci\u00f3n de infraestructura. P\u00e9rdida del Derecho a huelga llevado por el gobernador\u00a0Llaryora.<\/p>\n<p><iframe title=\"YouTube video player\" src=\"https:\/\/www.youtube.com\/embed\/gKPDTmH8-H0?si=ssLTOScKagMUu26g\" width=\"560\" height=\"315\" frameborder=\"0\" allowfullscreen=\"allowfullscreen\"><\/iframe><\/p>\n","protected":false},"excerpt":{"rendered":"<p>Dialogamos con Federico Wagner, secretario gremial de secundaria, adultos y especial de UEPC delegaci\u00f3n C\u00f3rdoba Capital, sobre la situaci\u00f3n paritaria en la educaci\u00f3n media en C\u00f3rdoba. Situaci\u00f3n de infraestructura. P\u00e9rdida del Derecho a huelga llevado por el gobernador\u00a0Llaryora.<\/p>\n","protected":false},"author":3,"featured_media":8879,"comment_status":"open","ping_status":"open","sticky":false,"template":"","format":"standard","meta":{"footnotes":""},"categories":[97,123,43],"tags":[98],"class_list":["post-8878","post","type-post","status-publish","format-standard","has-post-thumbnail","hentry","category-educar-con-el-corazon","category-julio-2024","category-programas","tag-educar-con-el-corazon","have-post-thumb"],"_links":{"self":[{"href":"https:\/\/fmradiocristal.com.ar\/home-1\/wp-json\/wp\/v2\/posts\/8878","targetHints":{"allow":["GET"]}}],"collection":[{"href":"https:\/\/fmradiocristal.com.ar\/home-1\/wp-json\/wp\/v2\/posts"}],"about":[{"href":"https:\/\/fmradiocristal.com.ar\/home-1\/wp-json\/wp\/v2\/types\/post"}],"author":[{"embeddable":true,"href":"https:\/\/fmradiocristal.com.ar\/home-1\/wp-json\/wp\/v2\/users\/3"}],"replies":[{"embeddable":true,"href":"https:\/\/fmradiocristal.com.ar\/home-1\/wp-json\/wp\/v2\/comments?post=8878"}],"version-history":[{"count":1,"href":"https:\/\/fmradiocristal.com.ar\/home-1\/wp-json\/wp\/v2\/posts\/8878\/revisions"}],"predecessor-version":[{"id":8880,"href":"https:\/\/fmradiocristal.com.ar\/home-1\/wp-json\/wp\/v2\/posts\/8878\/revisions\/8880"}],"wp:featuredmedia":[{"embeddable":true,"href":"https:\/\/fmradiocristal.com.ar\/home-1\/wp-json\/wp\/v2\/media\/8879"}],"wp:attachment":[{"href":"https:\/\/fmradiocristal.com.ar\/home-1\/wp-json\/wp\/v2\/media?parent=8878"}],"wp:term":[{"taxonomy":"category","embeddable":true,"href":"https:\/\/fmradiocristal.com.ar\/home-1\/wp-json\/wp\/v2\/categories?post=8878"},{"taxonomy":"post_tag","embeddable":true,"href":"https:\/\/fmradiocristal.com.ar\/home-1\/wp-json\/wp\/v2\/tags?post=8878"}],"curies":[{"name":"wp","href":"https:\/\/api.w.org\/{rel}","templated":true}]}}