{"id":9164,"date":"2024-08-08T23:54:40","date_gmt":"2024-08-09T02:54:40","guid":{"rendered":"http:\/\/fmradiocristal.com.ar\/home-1\/?p=9164"},"modified":"2024-08-08T23:54:40","modified_gmt":"2024-08-09T02:54:40","slug":"el-espacio-en-el-tiempo","status":"publish","type":"post","link":"https:\/\/fmradiocristal.com.ar\/home-1\/el-espacio-en-el-tiempo\/","title":{"rendered":"El espacio en el tiempo"},"content":{"rendered":"<p>Entrevistamos a Marcelo Pac\u00edfico, presidente de la Nazionale Italiana de Buenos Aires, sobre la historia de la Nazionale Italiana.<br \/>\nGeopol\u00edtica Italiana.<br \/>\nV\u00ednculo entre Argentina e Italia.<br \/>\nLugares en el mundo.<br \/>\nComercio exterior e interior\u00a0con\u00a0Italia.<\/p>\n<p><iframe title=\"YouTube video player\" src=\"https:\/\/www.youtube.com\/embed\/VIcu8FQUyfE?si=uWg6lFEIybarZkWW\" width=\"560\" height=\"315\" frameborder=\"0\" allowfullscreen=\"allowfullscreen\"><\/iframe><\/p>\n","protected":false},"excerpt":{"rendered":"<p>Entrevistamos a Marcelo Pac\u00edfico, presidente de la Nazionale Italiana de Buenos Aires, sobre la historia de la Nazionale Italiana. Geopol\u00edtica Italiana. V\u00ednculo entre Argentina e Italia. Lugares en el mundo. Comercio exterior e interior\u00a0con\u00a0Italia.<\/p>\n","protected":false},"author":3,"featured_media":9165,"comment_status":"open","ping_status":"open","sticky":false,"template":"","format":"standard","meta":{"footnotes":""},"categories":[126,127,43],"tags":[128],"class_list":["post-9164","post","type-post","status-publish","format-standard","has-post-thumbnail","hentry","category-agosto-2024","category-el-espacio-en-el-tiempo","category-programas","tag-el-espacio-en-el-tiempo","have-post-thumb"],"_links":{"self":[{"href":"https:\/\/fmradiocristal.com.ar\/home-1\/wp-json\/wp\/v2\/posts\/9164","targetHints":{"allow":["GET"]}}],"collection":[{"href":"https:\/\/fmradiocristal.com.ar\/home-1\/wp-json\/wp\/v2\/posts"}],"about":[{"href":"https:\/\/fmradiocristal.com.ar\/home-1\/wp-json\/wp\/v2\/types\/post"}],"author":[{"embeddable":true,"href":"https:\/\/fmradiocristal.com.ar\/home-1\/wp-json\/wp\/v2\/users\/3"}],"replies":[{"embeddable":true,"href":"https:\/\/fmradiocristal.com.ar\/home-1\/wp-json\/wp\/v2\/comments?post=9164"}],"version-history":[{"count":1,"href":"https:\/\/fmradiocristal.com.ar\/home-1\/wp-json\/wp\/v2\/posts\/9164\/revisions"}],"predecessor-version":[{"id":9166,"href":"https:\/\/fmradiocristal.com.ar\/home-1\/wp-json\/wp\/v2\/posts\/9164\/revisions\/9166"}],"wp:featuredmedia":[{"embeddable":true,"href":"https:\/\/fmradiocristal.com.ar\/home-1\/wp-json\/wp\/v2\/media\/9165"}],"wp:attachment":[{"href":"https:\/\/fmradiocristal.com.ar\/home-1\/wp-json\/wp\/v2\/media?parent=9164"}],"wp:term":[{"taxonomy":"category","embeddable":true,"href":"https:\/\/fmradiocristal.com.ar\/home-1\/wp-json\/wp\/v2\/categories?post=9164"},{"taxonomy":"post_tag","embeddable":true,"href":"https:\/\/fmradiocristal.com.ar\/home-1\/wp-json\/wp\/v2\/tags?post=9164"}],"curies":[{"name":"wp","href":"https:\/\/api.w.org\/{rel}","templated":true}]}}