{"id":9292,"date":"2024-08-15T20:20:36","date_gmt":"2024-08-15T23:20:36","guid":{"rendered":"http:\/\/fmradiocristal.com.ar\/home-1\/?p=9292"},"modified":"2024-08-16T20:20:46","modified_gmt":"2024-08-16T23:20:46","slug":"educar-con-el-corazon-17","status":"publish","type":"post","link":"https:\/\/fmradiocristal.com.ar\/home-1\/educar-con-el-corazon-17\/","title":{"rendered":"Educar con el coraz\u00f3n"},"content":{"rendered":"<p>Entrevistamos a Gladys Renzi, doctora en Ciencias de la Educaci\u00f3n, especialista en psicogerontolog\u00eda y profesora, sobre las Primeras Jornadas Latinoamericanas sobre Envejecimiento y G\u00e9neros de la Universidad Nacional de Avellaneda.<br \/>\nLas jornadas ser\u00e1n de modalidad virtual los d\u00edas 5 y\u00a06\u00a0de\u00a0noviembre.<br \/>\n<iframe title=\"YouTube video player\" src=\"https:\/\/www.youtube.com\/embed\/FYqasEdE97Y?si=GgOubQBUHry5bdLg\" width=\"560\" height=\"315\" frameborder=\"0\" allowfullscreen=\"allowfullscreen\"><\/iframe><\/p>\n","protected":false},"excerpt":{"rendered":"<p>Entrevistamos a Gladys Renzi, doctora en Ciencias de la Educaci\u00f3n, especialista en psicogerontolog\u00eda y profesora, sobre las Primeras Jornadas Latinoamericanas sobre Envejecimiento y G\u00e9neros de la Universidad Nacional de Avellaneda. Las jornadas ser\u00e1n de modalidad virtual los d\u00edas 5 y\u00a06\u00a0de\u00a0noviembre.<\/p>\n","protected":false},"author":3,"featured_media":9293,"comment_status":"open","ping_status":"open","sticky":false,"template":"","format":"standard","meta":{"footnotes":""},"categories":[126,97,43],"tags":[98],"class_list":["post-9292","post","type-post","status-publish","format-standard","has-post-thumbnail","hentry","category-agosto-2024","category-educar-con-el-corazon","category-programas","tag-educar-con-el-corazon","have-post-thumb"],"_links":{"self":[{"href":"https:\/\/fmradiocristal.com.ar\/home-1\/wp-json\/wp\/v2\/posts\/9292","targetHints":{"allow":["GET"]}}],"collection":[{"href":"https:\/\/fmradiocristal.com.ar\/home-1\/wp-json\/wp\/v2\/posts"}],"about":[{"href":"https:\/\/fmradiocristal.com.ar\/home-1\/wp-json\/wp\/v2\/types\/post"}],"author":[{"embeddable":true,"href":"https:\/\/fmradiocristal.com.ar\/home-1\/wp-json\/wp\/v2\/users\/3"}],"replies":[{"embeddable":true,"href":"https:\/\/fmradiocristal.com.ar\/home-1\/wp-json\/wp\/v2\/comments?post=9292"}],"version-history":[{"count":1,"href":"https:\/\/fmradiocristal.com.ar\/home-1\/wp-json\/wp\/v2\/posts\/9292\/revisions"}],"predecessor-version":[{"id":9294,"href":"https:\/\/fmradiocristal.com.ar\/home-1\/wp-json\/wp\/v2\/posts\/9292\/revisions\/9294"}],"wp:featuredmedia":[{"embeddable":true,"href":"https:\/\/fmradiocristal.com.ar\/home-1\/wp-json\/wp\/v2\/media\/9293"}],"wp:attachment":[{"href":"https:\/\/fmradiocristal.com.ar\/home-1\/wp-json\/wp\/v2\/media?parent=9292"}],"wp:term":[{"taxonomy":"category","embeddable":true,"href":"https:\/\/fmradiocristal.com.ar\/home-1\/wp-json\/wp\/v2\/categories?post=9292"},{"taxonomy":"post_tag","embeddable":true,"href":"https:\/\/fmradiocristal.com.ar\/home-1\/wp-json\/wp\/v2\/tags?post=9292"}],"curies":[{"name":"wp","href":"https:\/\/api.w.org\/{rel}","templated":true}]}}