{"id":9310,"date":"2024-08-16T20:28:08","date_gmt":"2024-08-16T23:28:08","guid":{"rendered":"http:\/\/fmradiocristal.com.ar\/home-1\/?p=9310"},"modified":"2024-08-16T20:28:08","modified_gmt":"2024-08-16T23:28:08","slug":"confesiones-de-una-mascara-14","status":"publish","type":"post","link":"https:\/\/fmradiocristal.com.ar\/home-1\/confesiones-de-una-mascara-14\/","title":{"rendered":"Confesiones de una m\u00e1scara"},"content":{"rendered":"<p>Entrevistamos a Dami\u00e1n Descalzo, abogado constitucionalista y de trabajo y profesor, sobre la situaci\u00f3n actual del pa\u00eds. La administraci\u00f3n de Milei.<br \/>\n\u00bfCu\u00e1l es el rol de la oposci\u00f3n actual? An\u00e1lisis\u00a0geopol\u00edtico.<br \/>\n<iframe width=\"560\" height=\"315\" src=\"https:\/\/www.youtube.com\/embed\/xwDUmY_LEAs?si=SwylRXWE9IOAUsWn\" title=\"YouTube video player\" frameborder=\"0\" allow=\"accelerometer; autoplay; clipboard-write; encrypted-media; gyroscope; picture-in-picture; web-share\" referrerpolicy=\"strict-origin-when-cross-origin\" allowfullscreen><\/iframe><\/p>\n","protected":false},"excerpt":{"rendered":"<p>Entrevistamos a Dami\u00e1n Descalzo, abogado constitucionalista y de trabajo y profesor, sobre la situaci\u00f3n actual del pa\u00eds. La administraci\u00f3n de Milei. \u00bfCu\u00e1l es el rol de la oposci\u00f3n actual? An\u00e1lisis\u00a0geopol\u00edtico.<\/p>\n","protected":false},"author":3,"featured_media":9311,"comment_status":"open","ping_status":"open","sticky":false,"template":"","format":"standard","meta":{"footnotes":""},"categories":[126,112,43],"tags":[113],"class_list":["post-9310","post","type-post","status-publish","format-standard","has-post-thumbnail","hentry","category-agosto-2024","category-confesiones-de-una-mascara","category-programas","tag-confesiones-de-una-mascara","have-post-thumb"],"_links":{"self":[{"href":"https:\/\/fmradiocristal.com.ar\/home-1\/wp-json\/wp\/v2\/posts\/9310","targetHints":{"allow":["GET"]}}],"collection":[{"href":"https:\/\/fmradiocristal.com.ar\/home-1\/wp-json\/wp\/v2\/posts"}],"about":[{"href":"https:\/\/fmradiocristal.com.ar\/home-1\/wp-json\/wp\/v2\/types\/post"}],"author":[{"embeddable":true,"href":"https:\/\/fmradiocristal.com.ar\/home-1\/wp-json\/wp\/v2\/users\/3"}],"replies":[{"embeddable":true,"href":"https:\/\/fmradiocristal.com.ar\/home-1\/wp-json\/wp\/v2\/comments?post=9310"}],"version-history":[{"count":1,"href":"https:\/\/fmradiocristal.com.ar\/home-1\/wp-json\/wp\/v2\/posts\/9310\/revisions"}],"predecessor-version":[{"id":9312,"href":"https:\/\/fmradiocristal.com.ar\/home-1\/wp-json\/wp\/v2\/posts\/9310\/revisions\/9312"}],"wp:featuredmedia":[{"embeddable":true,"href":"https:\/\/fmradiocristal.com.ar\/home-1\/wp-json\/wp\/v2\/media\/9311"}],"wp:attachment":[{"href":"https:\/\/fmradiocristal.com.ar\/home-1\/wp-json\/wp\/v2\/media?parent=9310"}],"wp:term":[{"taxonomy":"category","embeddable":true,"href":"https:\/\/fmradiocristal.com.ar\/home-1\/wp-json\/wp\/v2\/categories?post=9310"},{"taxonomy":"post_tag","embeddable":true,"href":"https:\/\/fmradiocristal.com.ar\/home-1\/wp-json\/wp\/v2\/tags?post=9310"}],"curies":[{"name":"wp","href":"https:\/\/api.w.org\/{rel}","templated":true}]}}