{"id":9384,"date":"2024-08-19T22:37:09","date_gmt":"2024-08-20T01:37:09","guid":{"rendered":"http:\/\/fmradiocristal.com.ar\/home-1\/?p=9384"},"modified":"2024-08-19T22:37:09","modified_gmt":"2024-08-20T01:37:09","slug":"en-clave-grote-65","status":"publish","type":"post","link":"https:\/\/fmradiocristal.com.ar\/home-1\/en-clave-grote-65\/","title":{"rendered":"En clave Grote"},"content":{"rendered":"<p>Dialogamos con Pablo Mascare\u00f1o, periodista de La Nacion.<\/p>\n<p>Adem\u00e1s, entrevistamos al analista pol\u00edtico y director de la consultora Circuitos,\u00a0Pablo\u00a0Roma<\/p>\n<p>&nbsp;<\/p>\n<p><iframe title=\"En Clave Grote 20240819 - 120000 by Radio Grote\" width=\"1200\" height=\"400\" scrolling=\"no\" frameborder=\"no\" src=\"https:\/\/w.soundcloud.com\/player\/?visual=true&#038;url=https%3A%2F%2Fapi.soundcloud.com%2Ftracks%2F1900175856&#038;show_artwork=true&#038;maxheight=1000&#038;maxwidth=1200\"><\/iframe><\/p>\n","protected":false},"excerpt":{"rendered":"<p>Dialogamos con Pablo Mascare\u00f1o, periodista de La Nacion. Adem\u00e1s, entrevistamos al analista pol\u00edtico y director de la consultora Circuitos,\u00a0Pablo\u00a0Roma &nbsp;<\/p>\n","protected":false},"author":3,"featured_media":9385,"comment_status":"open","ping_status":"open","sticky":false,"template":"","format":"standard","meta":{"footnotes":""},"categories":[126,85,43],"tags":[86],"class_list":["post-9384","post","type-post","status-publish","format-standard","has-post-thumbnail","hentry","category-agosto-2024","category-en-clave-grote","category-programas","tag-en-clave-grote","have-post-thumb"],"_links":{"self":[{"href":"https:\/\/fmradiocristal.com.ar\/home-1\/wp-json\/wp\/v2\/posts\/9384","targetHints":{"allow":["GET"]}}],"collection":[{"href":"https:\/\/fmradiocristal.com.ar\/home-1\/wp-json\/wp\/v2\/posts"}],"about":[{"href":"https:\/\/fmradiocristal.com.ar\/home-1\/wp-json\/wp\/v2\/types\/post"}],"author":[{"embeddable":true,"href":"https:\/\/fmradiocristal.com.ar\/home-1\/wp-json\/wp\/v2\/users\/3"}],"replies":[{"embeddable":true,"href":"https:\/\/fmradiocristal.com.ar\/home-1\/wp-json\/wp\/v2\/comments?post=9384"}],"version-history":[{"count":1,"href":"https:\/\/fmradiocristal.com.ar\/home-1\/wp-json\/wp\/v2\/posts\/9384\/revisions"}],"predecessor-version":[{"id":9386,"href":"https:\/\/fmradiocristal.com.ar\/home-1\/wp-json\/wp\/v2\/posts\/9384\/revisions\/9386"}],"wp:featuredmedia":[{"embeddable":true,"href":"https:\/\/fmradiocristal.com.ar\/home-1\/wp-json\/wp\/v2\/media\/9385"}],"wp:attachment":[{"href":"https:\/\/fmradiocristal.com.ar\/home-1\/wp-json\/wp\/v2\/media?parent=9384"}],"wp:term":[{"taxonomy":"category","embeddable":true,"href":"https:\/\/fmradiocristal.com.ar\/home-1\/wp-json\/wp\/v2\/categories?post=9384"},{"taxonomy":"post_tag","embeddable":true,"href":"https:\/\/fmradiocristal.com.ar\/home-1\/wp-json\/wp\/v2\/tags?post=9384"}],"curies":[{"name":"wp","href":"https:\/\/api.w.org\/{rel}","templated":true}]}}