{"id":9542,"date":"2024-08-27T21:42:49","date_gmt":"2024-08-28T00:42:49","guid":{"rendered":"https:\/\/fmradiocristal.com.ar\/home-1\/?p=9542"},"modified":"2024-08-27T21:42:49","modified_gmt":"2024-08-28T00:42:49","slug":"politica-defensa-nacional-y-comunidad","status":"publish","type":"post","link":"https:\/\/fmradiocristal.com.ar\/home-1\/politica-defensa-nacional-y-comunidad\/","title":{"rendered":"Pol\u00edtica, Defensa Nacional y Comunidad"},"content":{"rendered":"<p>Historia de vida de Gustavo Breide Obeid. F\u00e1bricas Militares lo que implic\u00f3 para la industria Argentina y lo que sigue representando.<br \/>\nLa falta de pol\u00edticas en defensa\u00a0nacional.<br \/>\n<iframe width=\"560\" height=\"315\" src=\"https:\/\/www.youtube.com\/embed\/WcgNKg-vfZ0?si=7Lc06_LDO0PjkDjD\" title=\"YouTube video player\" frameborder=\"0\" allow=\"accelerometer; autoplay; clipboard-write; encrypted-media; gyroscope; picture-in-picture; web-share\" referrerpolicy=\"strict-origin-when-cross-origin\" allowfullscreen><\/iframe><\/p>\n","protected":false},"excerpt":{"rendered":"<p>Historia de vida de Gustavo Breide Obeid. F\u00e1bricas Militares lo que implic\u00f3 para la industria Argentina y lo que sigue representando. La falta de pol\u00edticas en defensa\u00a0nacional.<\/p>\n","protected":false},"author":3,"featured_media":9543,"comment_status":"open","ping_status":"open","sticky":false,"template":"","format":"standard","meta":{"footnotes":""},"categories":[126,154,43],"tags":[144],"class_list":["post-9542","post","type-post","status-publish","format-standard","has-post-thumbnail","hentry","category-agosto-2024","category-politica","category-programas","tag-defensa-nacional-y-comunidad","have-post-thumb"],"_links":{"self":[{"href":"https:\/\/fmradiocristal.com.ar\/home-1\/wp-json\/wp\/v2\/posts\/9542","targetHints":{"allow":["GET"]}}],"collection":[{"href":"https:\/\/fmradiocristal.com.ar\/home-1\/wp-json\/wp\/v2\/posts"}],"about":[{"href":"https:\/\/fmradiocristal.com.ar\/home-1\/wp-json\/wp\/v2\/types\/post"}],"author":[{"embeddable":true,"href":"https:\/\/fmradiocristal.com.ar\/home-1\/wp-json\/wp\/v2\/users\/3"}],"replies":[{"embeddable":true,"href":"https:\/\/fmradiocristal.com.ar\/home-1\/wp-json\/wp\/v2\/comments?post=9542"}],"version-history":[{"count":1,"href":"https:\/\/fmradiocristal.com.ar\/home-1\/wp-json\/wp\/v2\/posts\/9542\/revisions"}],"predecessor-version":[{"id":9544,"href":"https:\/\/fmradiocristal.com.ar\/home-1\/wp-json\/wp\/v2\/posts\/9542\/revisions\/9544"}],"wp:featuredmedia":[{"embeddable":true,"href":"https:\/\/fmradiocristal.com.ar\/home-1\/wp-json\/wp\/v2\/media\/9543"}],"wp:attachment":[{"href":"https:\/\/fmradiocristal.com.ar\/home-1\/wp-json\/wp\/v2\/media?parent=9542"}],"wp:term":[{"taxonomy":"category","embeddable":true,"href":"https:\/\/fmradiocristal.com.ar\/home-1\/wp-json\/wp\/v2\/categories?post=9542"},{"taxonomy":"post_tag","embeddable":true,"href":"https:\/\/fmradiocristal.com.ar\/home-1\/wp-json\/wp\/v2\/tags?post=9542"}],"curies":[{"name":"wp","href":"https:\/\/api.w.org\/{rel}","templated":true}]}}