{"id":9839,"date":"2024-09-12T21:18:46","date_gmt":"2024-09-13T00:18:46","guid":{"rendered":"https:\/\/fmradiocristal.com.ar\/home-1\/?p=9839"},"modified":"2024-09-12T21:18:46","modified_gmt":"2024-09-13T00:18:46","slug":"el-espacio-en-el-tiempo-6","status":"publish","type":"post","link":"https:\/\/fmradiocristal.com.ar\/home-1\/el-espacio-en-el-tiempo-6\/","title":{"rendered":"El espacio en el tiempo"},"content":{"rendered":"<p>Hoy jueves 12 nos visit\u00f3 Juan G\u00f3mez Meunier. ex Oficial de la Armada sobreviviente del Crucero General Belgrano que estuvo dos d\u00edas en una balsa a la deriva con un compa\u00f1ero hasta que fue rescatado. Nos cuenta su experiencia de vida en el Crucero General\u00a0Belgrano.<\/p>\n<p><iframe title=\"Radio En Vivo\" width=\"1200\" height=\"900\" src=\"https:\/\/www.youtube.com\/embed\/v1sSdDJNHyQ?feature=oembed\" frameborder=\"0\" allow=\"accelerometer; autoplay; clipboard-write; encrypted-media; gyroscope; picture-in-picture; web-share\" referrerpolicy=\"strict-origin-when-cross-origin\" allowfullscreen><\/iframe><\/p>\n","protected":false},"excerpt":{"rendered":"<p>Hoy jueves 12 nos visit\u00f3 Juan G\u00f3mez Meunier. ex Oficial de la Armada sobreviviente del Crucero General Belgrano que estuvo dos d\u00edas en una balsa a la deriva con un compa\u00f1ero hasta que fue rescatado. Nos cuenta su experiencia de vida en el Crucero General\u00a0Belgrano.<\/p>\n","protected":false},"author":3,"featured_media":9840,"comment_status":"open","ping_status":"open","sticky":false,"template":"","format":"standard","meta":{"footnotes":""},"categories":[127,43,155],"tags":[128],"class_list":["post-9839","post","type-post","status-publish","format-standard","has-post-thumbnail","hentry","category-el-espacio-en-el-tiempo","category-programas","category-septiembre-2024","tag-el-espacio-en-el-tiempo","have-post-thumb"],"_links":{"self":[{"href":"https:\/\/fmradiocristal.com.ar\/home-1\/wp-json\/wp\/v2\/posts\/9839","targetHints":{"allow":["GET"]}}],"collection":[{"href":"https:\/\/fmradiocristal.com.ar\/home-1\/wp-json\/wp\/v2\/posts"}],"about":[{"href":"https:\/\/fmradiocristal.com.ar\/home-1\/wp-json\/wp\/v2\/types\/post"}],"author":[{"embeddable":true,"href":"https:\/\/fmradiocristal.com.ar\/home-1\/wp-json\/wp\/v2\/users\/3"}],"replies":[{"embeddable":true,"href":"https:\/\/fmradiocristal.com.ar\/home-1\/wp-json\/wp\/v2\/comments?post=9839"}],"version-history":[{"count":1,"href":"https:\/\/fmradiocristal.com.ar\/home-1\/wp-json\/wp\/v2\/posts\/9839\/revisions"}],"predecessor-version":[{"id":9841,"href":"https:\/\/fmradiocristal.com.ar\/home-1\/wp-json\/wp\/v2\/posts\/9839\/revisions\/9841"}],"wp:featuredmedia":[{"embeddable":true,"href":"https:\/\/fmradiocristal.com.ar\/home-1\/wp-json\/wp\/v2\/media\/9840"}],"wp:attachment":[{"href":"https:\/\/fmradiocristal.com.ar\/home-1\/wp-json\/wp\/v2\/media?parent=9839"}],"wp:term":[{"taxonomy":"category","embeddable":true,"href":"https:\/\/fmradiocristal.com.ar\/home-1\/wp-json\/wp\/v2\/categories?post=9839"},{"taxonomy":"post_tag","embeddable":true,"href":"https:\/\/fmradiocristal.com.ar\/home-1\/wp-json\/wp\/v2\/tags?post=9839"}],"curies":[{"name":"wp","href":"https:\/\/api.w.org\/{rel}","templated":true}]}}